{"id":954,"date":"2019-10-10T06:15:00","date_gmt":"2019-10-10T04:15:00","guid":{"rendered":"http:\/\/artherapievirtus.org\/virtuel\/?p=954"},"modified":"2019-11-26T09:32:01","modified_gmt":"2019-11-26T08:32:01","slug":"medias-sociaux-un-impact-sur-la-sante-mentale","status":"publish","type":"post","link":"https:\/\/artherapievirtus.org\/virtuel\/2019\/10\/medias-sociaux-un-impact-sur-la-sante-mentale\/","title":{"rendered":"Le temps pass\u00e9 \u00e0 utiliser les m\u00e9dias sociaux a-t-il un impact sur la sant\u00e9 mentale ?"},"content":{"rendered":"<p><a href=\"https:\/\/www.sciencedirect.com\/science\/article\/pii\/S0747563219303723\" target=\"_blank\" rel=\"noopener noreferrer\"><img loading=\"lazy\" decoding=\"async\" class=\"alignleft wp-image-955 size-medium\" title=\"m\u00e9dias sociaux, impact sur la sant\u00e9 mentale\" src=\"https:\/\/artherapievirtus.org\/virtuel\/wp-content\/uploads\/2019\/10\/Computers-225x300.jpg\" alt=\"m\u00e9dias sociaux \" width=\"225\" height=\"300\" srcset=\"https:\/\/artherapievirtus.org\/virtuel\/wp-content\/uploads\/2019\/10\/Computers-225x300.jpg 225w, https:\/\/artherapievirtus.org\/virtuel\/wp-content\/uploads\/2019\/10\/Computers.jpg 576w\" sizes=\"(max-width: 225px) 100vw, 225px\" \/><\/a>Le temps pass\u00e9 \u00e0 utiliser les m\u00e9dias sociaux a-t-il un impact sur la sant\u00e9 mentale ? Une \u00e9tude longitudinale de huit ans<br \/>\nDoes time spent using social media impact mental health?: An eight year longitudinal study<br \/>\n<em>Computers in Human Behavior<\/em><br \/>\nAvailable online 10 October 2019, 106160<br \/>\nSarah M.Coyne, Adam A.Rogers, Jessica D.Zurcher, Laura Stockdale, McCall Booth<br \/>\nhttps:\/\/doi.org\/10.1016\/j.chb.2019.106160<\/p>\n<hr \/>\n<p>Highlights<br \/>\nAbstract<br \/>\nKeywords<br \/>\nDoes Time Spent Using Social Media Impact Mental Health?: An Eight Year Longitudinal Study<br \/>\n2. Method<br \/>\n3. Results<br \/>\n4. Discussion<br \/>\nAppendix A. Supplementary data<br \/>\nUncited references<br \/>\nResearch Data<br \/>\nReferences<\/p>\n<hr \/>\n<h6><span style=\"color: #ff6600;\">Faits saillants<\/span><\/h6>\n<p>&#8211; Le temps pass\u00e9 \u00e0 utiliser les m\u00e9dias sociaux n&rsquo;\u00e9tait pas li\u00e9 aux changements individuels dans la d\u00e9pression ou l&rsquo;anxi\u00e9t\u00e9 sur une p\u00e9riode de 8 ans.<br \/>\n&#8211; Cette absence de relation a \u00e9t\u00e9 constat\u00e9e m\u00eame dans la transition entre l&rsquo;adolescence et l&rsquo;\u00e9mergence de l&rsquo;\u00e2ge adulte.<br \/>\n&#8211; Les r\u00e9sultats n&rsquo;ont pas \u00e9t\u00e9 plus probants pour les filles et les gar\u00e7ons.<\/p>\n<hr \/>\n<h5><span style=\"color: #ff6600;\">R\u00e9sum\u00e9<\/span><\/h5>\n<p>De nombreuses \u00e9tudes ont \u00e9tabli un lien entre le temps pass\u00e9 \u00e0 utiliser les m\u00e9dias sociaux et les probl\u00e8mes de sant\u00e9 mentale, comme la d\u00e9pression et l&rsquo;anxi\u00e9t\u00e9.<br \/>\nCependant, la recherche existante est en proie \u00e0 des recherches transversales et manque de techniques analytiques permettant d&rsquo;examiner les changements individuels au fil du temps.<br \/>\nLa recherche actuelle comprend une \u00e9tude longitudinale de huit ans qui examine l&rsquo;association entre le temps pass\u00e9 \u00e0 utiliser les m\u00e9dias sociaux et la d\u00e9pression et l&rsquo;anxi\u00e9t\u00e9 au niveau intra-individuel.<\/p>\n<h6>Population<\/h6>\n<p>Parmi les participants, 500 adolescents \u00e2g\u00e9s de 13 \u00e0 20 ans ont r\u00e9pondu \u00e0 un questionnaire annuel.<br \/>\nLes r\u00e9sultats ont r\u00e9v\u00e9l\u00e9 que l&rsquo;augmentation du temps consacr\u00e9 aux m\u00e9dias sociaux n&rsquo;\u00e9tait pas associ\u00e9e \u00e0 une augmentation des probl\u00e8mes de sant\u00e9 mentale dans l&rsquo;ensemble du d\u00e9veloppement lorsqu&rsquo;on l&rsquo;examine au niveau individuel. Il est \u00e0 esp\u00e9rer que ces r\u00e9sultats pourront faire avancer le domaine de recherche au-del\u00e0 de son orientation pass\u00e9e sur le temps pass\u00e9 \u00e0 l&rsquo;\u00e9cran.<\/p>\n<h6><em><span style=\"color: #993300;\">Pour joindre l&rsquo;article, cliquez sur la couv.<\/span><\/em><\/h6>\n","protected":false},"excerpt":{"rendered":"<p>Le temps pass\u00e9 \u00e0 utiliser les m\u00e9dias sociaux a-t-il un impact sur la sant\u00e9 mentale ? Une \u00e9tude longitudinale de huit ans Does time spent using social media impact mental health?: An eight year longitudinal study Computers in Human Behavior Available online 10 October 2019, 106160 Sarah M.Coyne, Adam A.Rogers, Jessica D.Zurcher, Laura Stockdale, McCall&hellip; <\/p>\n<p class=\"toivo-read-more\"><a href=\"https:\/\/artherapievirtus.org\/virtuel\/2019\/10\/medias-sociaux-un-impact-sur-la-sante-mentale\/\" class=\"more-link\">Lire la suite <span class=\"screen-reader-text\">Le temps pass\u00e9 \u00e0 utiliser les m\u00e9dias sociaux a-t-il un impact sur la sant\u00e9 mentale ?<\/span><\/a><\/p>\n","protected":false},"author":2,"featured_media":0,"comment_status":"open","ping_status":"open","sticky":false,"template":"","format":"standard","meta":{"jetpack_post_was_ever_published":false,"_jetpack_newsletter_access":"","_jetpack_dont_email_post_to_subs":false,"_jetpack_newsletter_tier_id":0,"footnotes":"","jetpack_publicize_message":"","jetpack_publicize_feature_enabled":true,"jetpack_social_post_already_shared":true,"jetpack_social_options":{"image_generator_settings":{"template":"highway","enabled":false}}},"categories":[28],"tags":[113,114],"jetpack_publicize_connections":[],"yoast_head":"<!-- This site is optimized with the Yoast SEO plugin v22.1 - https:\/\/yoast.com\/wordpress\/plugins\/seo\/ -->\n<title>Le temps pass\u00e9 \u00e0 utiliser les m\u00e9dias sociaux a-t-il un impact sur la sant\u00e9 mentale ? - Virtuel % %<\/title>\n<meta name=\"description\" content=\"Une \u00e9tude longitudinale de huit ans. m\u00e9dias sociaux. Does time spent using social media impact mental health? : An eight year longitudinal study\" \/>\n<meta name=\"robots\" content=\"index, follow, max-snippet:-1, max-image-preview:large, max-video-preview:-1\" \/>\n<link rel=\"canonical\" href=\"https:\/\/artherapievirtus.org\/virtuel\/2019\/10\/medias-sociaux-un-impact-sur-la-sante-mentale\/\" \/>\n<meta property=\"og:locale\" content=\"fr_FR\" \/>\n<meta property=\"og:type\" content=\"article\" \/>\n<meta property=\"og:title\" content=\"Le temps pass\u00e9 \u00e0 utiliser les m\u00e9dias sociaux a-t-il un impact sur la sant\u00e9 mentale ? - Virtuel % %\" \/>\n<meta property=\"og:description\" content=\"Une \u00e9tude longitudinale de huit ans. m\u00e9dias sociaux. Does time spent using social media impact mental health? : An eight year longitudinal study\" \/>\n<meta property=\"og:url\" content=\"https:\/\/artherapievirtus.org\/virtuel\/2019\/10\/medias-sociaux-un-impact-sur-la-sante-mentale\/\" \/>\n<meta property=\"og:site_name\" content=\"Virtuel\" \/>\n<meta property=\"article:publisher\" content=\"https:\/\/www.facebook.com\/art.therapie.virtus\/\" \/>\n<meta property=\"article:published_time\" content=\"2019-10-10T04:15:00+00:00\" \/>\n<meta property=\"article:modified_time\" content=\"2019-11-26T08:32:01+00:00\" \/>\n<meta property=\"og:image\" content=\"https:\/\/artherapievirtus.org\/virtuel\/wp-content\/uploads\/2019\/10\/Computers-225x300.jpg\" \/>\n<meta name=\"author\" content=\"Emmanuelle Cesari\" \/>\n<meta name=\"twitter:card\" content=\"summary_large_image\" \/>\n<meta name=\"twitter:creator\" content=\"@artherapie75\" \/>\n<meta name=\"twitter:site\" content=\"@artherapie75\" \/>\n<meta name=\"twitter:label1\" content=\"\u00c9crit par\" \/>\n\t<meta name=\"twitter:data1\" content=\"Emmanuelle Cesari\" \/>\n\t<meta name=\"twitter:label2\" content=\"Dur\u00e9e de lecture estim\u00e9e\" \/>\n\t<meta name=\"twitter:data2\" content=\"2 minutes\" \/>\n<script type=\"application\/ld+json\" class=\"yoast-schema-graph\">{\"@context\":\"https:\/\/schema.org\",\"@graph\":[{\"@type\":\"Article\",\"@id\":\"https:\/\/artherapievirtus.org\/virtuel\/2019\/10\/medias-sociaux-un-impact-sur-la-sante-mentale\/#article\",\"isPartOf\":{\"@id\":\"https:\/\/artherapievirtus.org\/virtuel\/2019\/10\/medias-sociaux-un-impact-sur-la-sante-mentale\/\"},\"author\":{\"name\":\"Emmanuelle Cesari\",\"@id\":\"https:\/\/artherapievirtus.org\/virtuel\/#\/schema\/person\/a47e5e88bbd1ab98657eedf4f951a39f\"},\"headline\":\"Le temps pass\u00e9 \u00e0 utiliser les m\u00e9dias sociaux a-t-il un impact sur la sant\u00e9 mentale ?\",\"datePublished\":\"2019-10-10T04:15:00+00:00\",\"dateModified\":\"2019-11-26T08:32:01+00:00\",\"mainEntityOfPage\":{\"@id\":\"https:\/\/artherapievirtus.org\/virtuel\/2019\/10\/medias-sociaux-un-impact-sur-la-sante-mentale\/\"},\"wordCount\":350,\"commentCount\":0,\"publisher\":{\"@id\":\"https:\/\/artherapievirtus.org\/virtuel\/#organization\"},\"keywords\":[\"M\u00e9dias sociaux\",\"Temps\"],\"articleSection\":[\"Article\"],\"inLanguage\":\"fr-FR\",\"potentialAction\":[{\"@type\":\"CommentAction\",\"name\":\"Comment\",\"target\":[\"https:\/\/artherapievirtus.org\/virtuel\/2019\/10\/medias-sociaux-un-impact-sur-la-sante-mentale\/#respond\"]}]},{\"@type\":\"WebPage\",\"@id\":\"https:\/\/artherapievirtus.org\/virtuel\/2019\/10\/medias-sociaux-un-impact-sur-la-sante-mentale\/\",\"url\":\"https:\/\/artherapievirtus.org\/virtuel\/2019\/10\/medias-sociaux-un-impact-sur-la-sante-mentale\/\",\"name\":\"Le temps pass\u00e9 \u00e0 utiliser les m\u00e9dias sociaux a-t-il un impact sur la sant\u00e9 mentale ? - Virtuel % %\",\"isPartOf\":{\"@id\":\"https:\/\/artherapievirtus.org\/virtuel\/#website\"},\"datePublished\":\"2019-10-10T04:15:00+00:00\",\"dateModified\":\"2019-11-26T08:32:01+00:00\",\"description\":\"Une \u00e9tude longitudinale de huit ans. m\u00e9dias sociaux. Does time spent using social media impact mental health? : An eight year longitudinal study\",\"breadcrumb\":{\"@id\":\"https:\/\/artherapievirtus.org\/virtuel\/2019\/10\/medias-sociaux-un-impact-sur-la-sante-mentale\/#breadcrumb\"},\"inLanguage\":\"fr-FR\",\"potentialAction\":[{\"@type\":\"ReadAction\",\"target\":[\"https:\/\/artherapievirtus.org\/virtuel\/2019\/10\/medias-sociaux-un-impact-sur-la-sante-mentale\/\"]}]},{\"@type\":\"BreadcrumbList\",\"@id\":\"https:\/\/artherapievirtus.org\/virtuel\/2019\/10\/medias-sociaux-un-impact-sur-la-sante-mentale\/#breadcrumb\",\"itemListElement\":[{\"@type\":\"ListItem\",\"position\":1,\"name\":\"Accueil\",\"item\":\"https:\/\/artherapievirtus.org\/virtuel\/\"},{\"@type\":\"ListItem\",\"position\":2,\"name\":\"Le temps pass\u00e9 \u00e0 utiliser les m\u00e9dias sociaux a-t-il un impact sur la sant\u00e9 mentale ?\"}]},{\"@type\":\"WebSite\",\"@id\":\"https:\/\/artherapievirtus.org\/virtuel\/#website\",\"url\":\"https:\/\/artherapievirtus.org\/virtuel\/\",\"name\":\"Virtuel\",\"description\":\"Les nouvelles technologies et de la r\u00e9alit\u00e9 virtuelle en th\u00e9rapie\",\"publisher\":{\"@id\":\"https:\/\/artherapievirtus.org\/virtuel\/#organization\"},\"potentialAction\":[{\"@type\":\"SearchAction\",\"target\":{\"@type\":\"EntryPoint\",\"urlTemplate\":\"https:\/\/artherapievirtus.org\/virtuel\/?s={search_term_string}\"},\"query-input\":\"required name=search_term_string\"}],\"inLanguage\":\"fr-FR\"},{\"@type\":\"Organization\",\"@id\":\"https:\/\/artherapievirtus.org\/virtuel\/#organization\",\"name\":\"Art-Th\u00e9rapie Virtus\",\"url\":\"https:\/\/artherapievirtus.org\/virtuel\/\",\"logo\":{\"@type\":\"ImageObject\",\"inLanguage\":\"fr-FR\",\"@id\":\"https:\/\/artherapievirtus.org\/virtuel\/#\/schema\/logo\/image\/\",\"url\":\"https:\/\/artherapievirtus.org\/virtuel\/wp-content\/uploads\/2016\/05\/Logo-art-therapie-virtus-carre\u0301.jpg\",\"contentUrl\":\"https:\/\/artherapievirtus.org\/virtuel\/wp-content\/uploads\/2016\/05\/Logo-art-therapie-virtus-carre\u0301.jpg\",\"width\":1881,\"height\":1890,\"caption\":\"Art-Th\u00e9rapie Virtus\"},\"image\":{\"@id\":\"https:\/\/artherapievirtus.org\/virtuel\/#\/schema\/logo\/image\/\"},\"sameAs\":[\"https:\/\/www.facebook.com\/art.therapie.virtus\/\",\"https:\/\/twitter.com\/artherapie75\",\"https:\/\/www.linkedin.com\/company\/art-therapie-virtus\"]},{\"@type\":\"Person\",\"@id\":\"https:\/\/artherapievirtus.org\/virtuel\/#\/schema\/person\/a47e5e88bbd1ab98657eedf4f951a39f\",\"name\":\"Emmanuelle Cesari\",\"image\":{\"@type\":\"ImageObject\",\"inLanguage\":\"fr-FR\",\"@id\":\"https:\/\/artherapievirtus.org\/virtuel\/#\/schema\/person\/image\/\",\"url\":\"https:\/\/secure.gravatar.com\/avatar\/8d71b71249254a02a8148600f1a6ac71?s=96&r=g\",\"contentUrl\":\"https:\/\/secure.gravatar.com\/avatar\/8d71b71249254a02a8148600f1a6ac71?s=96&r=g\",\"caption\":\"Emmanuelle Cesari\"},\"description\":\"Master 2 Art-Th\u00e9rapie \u2013 PRES Sorbonne Cit\u00e9 \u2013\u00a0option arts plastiques\",\"url\":\"https:\/\/artherapievirtus.org\/virtuel\/author\/emmanuelle-cesari\/\"}]}<\/script>\n<!-- \/ Yoast SEO plugin. -->","yoast_head_json":{"title":"Le temps pass\u00e9 \u00e0 utiliser les m\u00e9dias sociaux a-t-il un impact sur la sant\u00e9 mentale ? - Virtuel % %","description":"Une \u00e9tude longitudinale de huit ans. m\u00e9dias sociaux. Does time spent using social media impact mental health? : An eight year longitudinal study","robots":{"index":"index","follow":"follow","max-snippet":"max-snippet:-1","max-image-preview":"max-image-preview:large","max-video-preview":"max-video-preview:-1"},"canonical":"https:\/\/artherapievirtus.org\/virtuel\/2019\/10\/medias-sociaux-un-impact-sur-la-sante-mentale\/","og_locale":"fr_FR","og_type":"article","og_title":"Le temps pass\u00e9 \u00e0 utiliser les m\u00e9dias sociaux a-t-il un impact sur la sant\u00e9 mentale ? - Virtuel % %","og_description":"Une \u00e9tude longitudinale de huit ans. m\u00e9dias sociaux. Does time spent using social media impact mental health? : An eight year longitudinal study","og_url":"https:\/\/artherapievirtus.org\/virtuel\/2019\/10\/medias-sociaux-un-impact-sur-la-sante-mentale\/","og_site_name":"Virtuel","article_publisher":"https:\/\/www.facebook.com\/art.therapie.virtus\/","article_published_time":"2019-10-10T04:15:00+00:00","article_modified_time":"2019-11-26T08:32:01+00:00","og_image":[{"url":"https:\/\/artherapievirtus.org\/virtuel\/wp-content\/uploads\/2019\/10\/Computers-225x300.jpg"}],"author":"Emmanuelle Cesari","twitter_card":"summary_large_image","twitter_creator":"@artherapie75","twitter_site":"@artherapie75","twitter_misc":{"\u00c9crit par":"Emmanuelle Cesari","Dur\u00e9e de lecture estim\u00e9e":"2 minutes"},"schema":{"@context":"https:\/\/schema.org","@graph":[{"@type":"Article","@id":"https:\/\/artherapievirtus.org\/virtuel\/2019\/10\/medias-sociaux-un-impact-sur-la-sante-mentale\/#article","isPartOf":{"@id":"https:\/\/artherapievirtus.org\/virtuel\/2019\/10\/medias-sociaux-un-impact-sur-la-sante-mentale\/"},"author":{"name":"Emmanuelle Cesari","@id":"https:\/\/artherapievirtus.org\/virtuel\/#\/schema\/person\/a47e5e88bbd1ab98657eedf4f951a39f"},"headline":"Le temps pass\u00e9 \u00e0 utiliser les m\u00e9dias sociaux a-t-il un impact sur la sant\u00e9 mentale ?","datePublished":"2019-10-10T04:15:00+00:00","dateModified":"2019-11-26T08:32:01+00:00","mainEntityOfPage":{"@id":"https:\/\/artherapievirtus.org\/virtuel\/2019\/10\/medias-sociaux-un-impact-sur-la-sante-mentale\/"},"wordCount":350,"commentCount":0,"publisher":{"@id":"https:\/\/artherapievirtus.org\/virtuel\/#organization"},"keywords":["M\u00e9dias sociaux","Temps"],"articleSection":["Article"],"inLanguage":"fr-FR","potentialAction":[{"@type":"CommentAction","name":"Comment","target":["https:\/\/artherapievirtus.org\/virtuel\/2019\/10\/medias-sociaux-un-impact-sur-la-sante-mentale\/#respond"]}]},{"@type":"WebPage","@id":"https:\/\/artherapievirtus.org\/virtuel\/2019\/10\/medias-sociaux-un-impact-sur-la-sante-mentale\/","url":"https:\/\/artherapievirtus.org\/virtuel\/2019\/10\/medias-sociaux-un-impact-sur-la-sante-mentale\/","name":"Le temps pass\u00e9 \u00e0 utiliser les m\u00e9dias sociaux a-t-il un impact sur la sant\u00e9 mentale ? - Virtuel % %","isPartOf":{"@id":"https:\/\/artherapievirtus.org\/virtuel\/#website"},"datePublished":"2019-10-10T04:15:00+00:00","dateModified":"2019-11-26T08:32:01+00:00","description":"Une \u00e9tude longitudinale de huit ans. m\u00e9dias sociaux. Does time spent using social media impact mental health? : An eight year longitudinal study","breadcrumb":{"@id":"https:\/\/artherapievirtus.org\/virtuel\/2019\/10\/medias-sociaux-un-impact-sur-la-sante-mentale\/#breadcrumb"},"inLanguage":"fr-FR","potentialAction":[{"@type":"ReadAction","target":["https:\/\/artherapievirtus.org\/virtuel\/2019\/10\/medias-sociaux-un-impact-sur-la-sante-mentale\/"]}]},{"@type":"BreadcrumbList","@id":"https:\/\/artherapievirtus.org\/virtuel\/2019\/10\/medias-sociaux-un-impact-sur-la-sante-mentale\/#breadcrumb","itemListElement":[{"@type":"ListItem","position":1,"name":"Accueil","item":"https:\/\/artherapievirtus.org\/virtuel\/"},{"@type":"ListItem","position":2,"name":"Le temps pass\u00e9 \u00e0 utiliser les m\u00e9dias sociaux a-t-il un impact sur la sant\u00e9 mentale ?"}]},{"@type":"WebSite","@id":"https:\/\/artherapievirtus.org\/virtuel\/#website","url":"https:\/\/artherapievirtus.org\/virtuel\/","name":"Virtuel","description":"Les nouvelles technologies et de la r\u00e9alit\u00e9 virtuelle en th\u00e9rapie","publisher":{"@id":"https:\/\/artherapievirtus.org\/virtuel\/#organization"},"potentialAction":[{"@type":"SearchAction","target":{"@type":"EntryPoint","urlTemplate":"https:\/\/artherapievirtus.org\/virtuel\/?s={search_term_string}"},"query-input":"required name=search_term_string"}],"inLanguage":"fr-FR"},{"@type":"Organization","@id":"https:\/\/artherapievirtus.org\/virtuel\/#organization","name":"Art-Th\u00e9rapie Virtus","url":"https:\/\/artherapievirtus.org\/virtuel\/","logo":{"@type":"ImageObject","inLanguage":"fr-FR","@id":"https:\/\/artherapievirtus.org\/virtuel\/#\/schema\/logo\/image\/","url":"https:\/\/artherapievirtus.org\/virtuel\/wp-content\/uploads\/2016\/05\/Logo-art-therapie-virtus-carre\u0301.jpg","contentUrl":"https:\/\/artherapievirtus.org\/virtuel\/wp-content\/uploads\/2016\/05\/Logo-art-therapie-virtus-carre\u0301.jpg","width":1881,"height":1890,"caption":"Art-Th\u00e9rapie Virtus"},"image":{"@id":"https:\/\/artherapievirtus.org\/virtuel\/#\/schema\/logo\/image\/"},"sameAs":["https:\/\/www.facebook.com\/art.therapie.virtus\/","https:\/\/twitter.com\/artherapie75","https:\/\/www.linkedin.com\/company\/art-therapie-virtus"]},{"@type":"Person","@id":"https:\/\/artherapievirtus.org\/virtuel\/#\/schema\/person\/a47e5e88bbd1ab98657eedf4f951a39f","name":"Emmanuelle Cesari","image":{"@type":"ImageObject","inLanguage":"fr-FR","@id":"https:\/\/artherapievirtus.org\/virtuel\/#\/schema\/person\/image\/","url":"https:\/\/secure.gravatar.com\/avatar\/8d71b71249254a02a8148600f1a6ac71?s=96&r=g","contentUrl":"https:\/\/secure.gravatar.com\/avatar\/8d71b71249254a02a8148600f1a6ac71?s=96&r=g","caption":"Emmanuelle Cesari"},"description":"Master 2 Art-Th\u00e9rapie \u2013 PRES Sorbonne Cit\u00e9 \u2013\u00a0option arts plastiques","url":"https:\/\/artherapievirtus.org\/virtuel\/author\/emmanuelle-cesari\/"}]}},"jetpack_featured_media_url":"","jetpack_sharing_enabled":true,"jetpack_shortlink":"https:\/\/wp.me\/p45zDa-fo","jetpack_likes_enabled":true,"_links":{"self":[{"href":"https:\/\/artherapievirtus.org\/virtuel\/wp-json\/wp\/v2\/posts\/954"}],"collection":[{"href":"https:\/\/artherapievirtus.org\/virtuel\/wp-json\/wp\/v2\/posts"}],"about":[{"href":"https:\/\/artherapievirtus.org\/virtuel\/wp-json\/wp\/v2\/types\/post"}],"author":[{"embeddable":true,"href":"https:\/\/artherapievirtus.org\/virtuel\/wp-json\/wp\/v2\/users\/2"}],"replies":[{"embeddable":true,"href":"https:\/\/artherapievirtus.org\/virtuel\/wp-json\/wp\/v2\/comments?post=954"}],"version-history":[{"count":9,"href":"https:\/\/artherapievirtus.org\/virtuel\/wp-json\/wp\/v2\/posts\/954\/revisions"}],"predecessor-version":[{"id":985,"href":"https:\/\/artherapievirtus.org\/virtuel\/wp-json\/wp\/v2\/posts\/954\/revisions\/985"}],"wp:attachment":[{"href":"https:\/\/artherapievirtus.org\/virtuel\/wp-json\/wp\/v2\/media?parent=954"}],"wp:term":[{"taxonomy":"category","embeddable":true,"href":"https:\/\/artherapievirtus.org\/virtuel\/wp-json\/wp\/v2\/categories?post=954"},{"taxonomy":"post_tag","embeddable":true,"href":"https:\/\/artherapievirtus.org\/virtuel\/wp-json\/wp\/v2\/tags?post=954"}],"curies":[{"name":"wp","href":"https:\/\/api.w.org\/{rel}","templated":true}]}}