{"id":176,"date":"2014-09-20T09:50:34","date_gmt":"2014-09-20T07:50:34","guid":{"rendered":"http:\/\/artherapievirtus.org\/virtuel\/?p=176"},"modified":"2014-09-20T09:50:34","modified_gmt":"2014-09-20T07:50:34","slug":"pierrick-brient-commente-le-n-de-psychologie-clinique-sur-le-virtuel","status":"publish","type":"post","link":"https:\/\/artherapievirtus.org\/virtuel\/2014\/09\/pierrick-brient-commente-le-n-de-psychologie-clinique-sur-le-virtuel\/","title":{"rendered":"Pierrick Brient commente le n\u00b0 de Psychologie clinique sur le virtuel"},"content":{"rendered":"<p><a href=\"http:\/\/olivierdouville.blogspot.fr\/2014\/09\/p-brient-comment-le-n-de-psychologie.html\"><img loading=\"lazy\" decoding=\"async\" class=\"aligncenter size-full wp-image-177\" src=\"http:\/\/artherapievirtus.org\/virtuel\/wp-content\/uploads\/2014\/09\/Olivier-Douville.gif\" alt=\"Olivier-Douville\" width=\"624\" height=\"85\" \/><\/a>Dirig\u00e9 par Serge Tisseron et Fr\u00e9d\u00e9ric Tordo<br \/>\nRevue Psychologie Clinique, n\u00b037, \u00e9ditions EDK, 2014\/1.<br \/>\nLe num\u00e9ro 37 de la revue Psychologie Clinique propose une mise au point, tant conceptuelle que clinique, sur le terme tout moderne de \u00ab\u00a0virtuel\u00a0\u00bb. Dirig\u00e9 par Serge Tisseron et Fr\u00e9d\u00e9ric Tordo, ce dossier s&rsquo;appuie sur une grande vari\u00e9t\u00e9 de disciplines (psychologues, philosophes, psychanalystes, artistes, sociologues, informaticiens,&#8230;) afin d&rsquo;\u00e9tudier tant la notion de \u00ab\u00a0virtuel psychique\u00a0\u00bb en psychanalyse que d&rsquo;aborder les implications des technologies du virtuel en psychoth\u00e9rapie ou dans le domaine de la culture et de l&rsquo;\u00e9ducation.<br \/>\nSerge Tisseron s&rsquo;int\u00e9resse aux al\u00e9as du virtuel psychique en \u00e9tudiant la fa\u00e7on dont des repr\u00e9sentations peuvent se couper des informations des organes des sens et donc de l&rsquo;adaptation au r\u00e9el. Il se penche particuli\u00e8rement sur le ph\u00e9nom\u00e8ne Hikikomori apparu au Japon dans les ann\u00e9es 1990 et touchant des personnes \u00e2g\u00e9es de plus de douze ans qui passent la majeure partie de leur temps \u00e0 domicile. Ils ne peuvent ou ne veulent pas avoir de vie sociale, comme aller \u00e0 l&rsquo;\u00e9cole ou travailler. En l&rsquo;absence de toute pathologie mentale, ce ph\u00e9nom\u00e8ne peut \u00eatre envisag\u00e9 comme une d\u00e9sarticulation psychique, suivie d&rsquo;une d\u00e9sarticulation sociale. S. Tisseron aborde aussi comment la relation \u00e0 l&rsquo;autre, \u00e0 l&rsquo;objet, peuvent aujourd&rsquo;hui devenir virtuelles, ind\u00e9pendamment de l&rsquo;utilisation d&rsquo;un \u00e9cran mais favoris\u00e9es consid\u00e9rablement par l&rsquo;interface num\u00e9rique.<br \/>\nFr\u00e9d\u00e9ric Tordo nous pr\u00e9cise que le virtuel psychique est une disponibilit\u00e9 de l&rsquo;appareil psychique qui permet d&rsquo;anticiper des actions en attente d&rsquo;actualisations. L&rsquo;anticipation peut \u00eatre fondamentale, pr\u00e9parant l&rsquo;organisme \u00e0 sa pr\u00e9servation biopsychique, cognitive, en tant que permanence virtuelle pratique li\u00e9e \u00e0 l&rsquo;action, ou fantasmatique, par laquelle le sujet anticipe ses propres actions et\/ou processus subjectifs dans une sc\u00e8ne imagin\u00e9e en tension vers des actualisations potentiellement non actualisables. Le virtuel num\u00e9rique se pr\u00e9sente comme un espace privil\u00e9gi\u00e9 pour rendre actualisable ce qui provient d&rsquo;autres registres du fonctionnement psychiques, notamment imaginaire. Les m\u00e9diations num\u00e9riques permettraient donc un travail de virtualisation en rendant possible l&rsquo;actualisation de sc\u00e9narii anticip\u00e9s, fantasmatiques ou imaginaires, c&rsquo;est-\u00e0-dire une anticipation cr\u00e9atrice, pour un individu donn\u00e9, de ses propres \u00e9tats de subjectivit\u00e9.<br \/>\n\u2026\/\u2026<br \/>\n<em>Pour lire la suite, cliquez sur le logo<\/em><\/p>\n","protected":false},"excerpt":{"rendered":"<p>Dirig\u00e9 par Serge Tisseron et Fr\u00e9d\u00e9ric Tordo Revue Psychologie Clinique, n\u00b037, \u00e9ditions EDK, 2014\/1. Le num\u00e9ro 37 de la revue Psychologie Clinique propose une mise au point, tant conceptuelle que clinique, sur le terme tout moderne de \u00ab\u00a0virtuel\u00a0\u00bb. Dirig\u00e9 par Serge Tisseron et Fr\u00e9d\u00e9ric Tordo, ce dossier s&rsquo;appuie sur une grande vari\u00e9t\u00e9 de disciplines (psychologues,&hellip; <\/p>\n<p class=\"toivo-read-more\"><a href=\"https:\/\/artherapievirtus.org\/virtuel\/2014\/09\/pierrick-brient-commente-le-n-de-psychologie-clinique-sur-le-virtuel\/\" class=\"more-link\">Lire la suite <span class=\"screen-reader-text\">Pierrick Brient commente le n\u00b0 de Psychologie clinique sur le virtuel<\/span><\/a><\/p>\n","protected":false},"author":2,"featured_media":0,"comment_status":"open","ping_status":"open","sticky":false,"template":"","format":"standard","meta":{"jetpack_post_was_ever_published":false,"_jetpack_newsletter_access":"","_jetpack_dont_email_post_to_subs":false,"_jetpack_newsletter_tier_id":0,"footnotes":"","jetpack_publicize_message":"","jetpack_publicize_feature_enabled":true,"jetpack_social_post_already_shared":true,"jetpack_social_options":{"image_generator_settings":{"template":"highway","enabled":false}}},"categories":[28],"tags":[29,33],"jetpack_publicize_connections":[],"yoast_head":"<!-- This site is optimized with the Yoast SEO plugin v22.1 - https:\/\/yoast.com\/wordpress\/plugins\/seo\/ -->\n<title>Pierrick Brient commente le n\u00b0 de Psychologie clinique sur le virtuel - Virtuel<\/title>\n<meta name=\"robots\" content=\"index, follow, max-snippet:-1, max-image-preview:large, max-video-preview:-1\" \/>\n<link rel=\"canonical\" href=\"https:\/\/artherapievirtus.org\/virtuel\/2014\/09\/pierrick-brient-commente-le-n-de-psychologie-clinique-sur-le-virtuel\/\" \/>\n<meta property=\"og:locale\" content=\"fr_FR\" \/>\n<meta property=\"og:type\" content=\"article\" \/>\n<meta property=\"og:title\" content=\"Pierrick Brient commente le n\u00b0 de Psychologie clinique sur le virtuel - Virtuel\" \/>\n<meta property=\"og:description\" content=\"Dirig\u00e9 par Serge Tisseron et Fr\u00e9d\u00e9ric Tordo Revue Psychologie Clinique, n\u00b037, \u00e9ditions EDK, 2014\/1. Le num\u00e9ro 37 de la revue Psychologie Clinique propose une mise au point, tant conceptuelle que clinique, sur le terme tout moderne de \u00ab\u00a0virtuel\u00a0\u00bb. Dirig\u00e9 par Serge Tisseron et Fr\u00e9d\u00e9ric Tordo, ce dossier s&rsquo;appuie sur une grande vari\u00e9t\u00e9 de disciplines (psychologues,&hellip; Lire la suite Pierrick Brient commente le n\u00b0 de Psychologie clinique sur le virtuel\" \/>\n<meta property=\"og:url\" content=\"https:\/\/artherapievirtus.org\/virtuel\/2014\/09\/pierrick-brient-commente-le-n-de-psychologie-clinique-sur-le-virtuel\/\" \/>\n<meta property=\"og:site_name\" content=\"Virtuel\" \/>\n<meta property=\"article:publisher\" content=\"https:\/\/www.facebook.com\/art.therapie.virtus\/\" \/>\n<meta property=\"article:published_time\" content=\"2014-09-20T07:50:34+00:00\" \/>\n<meta property=\"og:image\" content=\"http:\/\/artherapievirtus.org\/virtuel\/wp-content\/uploads\/2014\/09\/Olivier-Douville.gif\" \/>\n<meta name=\"author\" content=\"Emmanuelle Cesari\" \/>\n<meta name=\"twitter:card\" content=\"summary_large_image\" \/>\n<meta name=\"twitter:creator\" content=\"@artherapie75\" \/>\n<meta name=\"twitter:site\" content=\"@artherapie75\" \/>\n<meta name=\"twitter:label1\" content=\"\u00c9crit par\" \/>\n\t<meta name=\"twitter:data1\" content=\"Emmanuelle Cesari\" \/>\n\t<meta name=\"twitter:label2\" content=\"Dur\u00e9e de lecture estim\u00e9e\" \/>\n\t<meta name=\"twitter:data2\" content=\"2 minutes\" \/>\n<script type=\"application\/ld+json\" class=\"yoast-schema-graph\">{\"@context\":\"https:\/\/schema.org\",\"@graph\":[{\"@type\":\"Article\",\"@id\":\"https:\/\/artherapievirtus.org\/virtuel\/2014\/09\/pierrick-brient-commente-le-n-de-psychologie-clinique-sur-le-virtuel\/#article\",\"isPartOf\":{\"@id\":\"https:\/\/artherapievirtus.org\/virtuel\/2014\/09\/pierrick-brient-commente-le-n-de-psychologie-clinique-sur-le-virtuel\/\"},\"author\":{\"name\":\"Emmanuelle Cesari\",\"@id\":\"https:\/\/artherapievirtus.org\/virtuel\/#\/schema\/person\/a47e5e88bbd1ab98657eedf4f951a39f\"},\"headline\":\"Pierrick Brient commente le n\u00b0 de Psychologie clinique sur le virtuel\",\"datePublished\":\"2014-09-20T07:50:34+00:00\",\"dateModified\":\"2014-09-20T07:50:34+00:00\",\"mainEntityOfPage\":{\"@id\":\"https:\/\/artherapievirtus.org\/virtuel\/2014\/09\/pierrick-brient-commente-le-n-de-psychologie-clinique-sur-le-virtuel\/\"},\"wordCount\":395,\"commentCount\":0,\"publisher\":{\"@id\":\"https:\/\/artherapievirtus.org\/virtuel\/#organization\"},\"keywords\":[\"F. Tordo\",\"S. Tisseron\"],\"articleSection\":[\"Article\"],\"inLanguage\":\"fr-FR\",\"potentialAction\":[{\"@type\":\"CommentAction\",\"name\":\"Comment\",\"target\":[\"https:\/\/artherapievirtus.org\/virtuel\/2014\/09\/pierrick-brient-commente-le-n-de-psychologie-clinique-sur-le-virtuel\/#respond\"]}]},{\"@type\":\"WebPage\",\"@id\":\"https:\/\/artherapievirtus.org\/virtuel\/2014\/09\/pierrick-brient-commente-le-n-de-psychologie-clinique-sur-le-virtuel\/\",\"url\":\"https:\/\/artherapievirtus.org\/virtuel\/2014\/09\/pierrick-brient-commente-le-n-de-psychologie-clinique-sur-le-virtuel\/\",\"name\":\"Pierrick Brient commente le n\u00b0 de Psychologie clinique sur le virtuel - Virtuel\",\"isPartOf\":{\"@id\":\"https:\/\/artherapievirtus.org\/virtuel\/#website\"},\"datePublished\":\"2014-09-20T07:50:34+00:00\",\"dateModified\":\"2014-09-20T07:50:34+00:00\",\"breadcrumb\":{\"@id\":\"https:\/\/artherapievirtus.org\/virtuel\/2014\/09\/pierrick-brient-commente-le-n-de-psychologie-clinique-sur-le-virtuel\/#breadcrumb\"},\"inLanguage\":\"fr-FR\",\"potentialAction\":[{\"@type\":\"ReadAction\",\"target\":[\"https:\/\/artherapievirtus.org\/virtuel\/2014\/09\/pierrick-brient-commente-le-n-de-psychologie-clinique-sur-le-virtuel\/\"]}]},{\"@type\":\"BreadcrumbList\",\"@id\":\"https:\/\/artherapievirtus.org\/virtuel\/2014\/09\/pierrick-brient-commente-le-n-de-psychologie-clinique-sur-le-virtuel\/#breadcrumb\",\"itemListElement\":[{\"@type\":\"ListItem\",\"position\":1,\"name\":\"Accueil\",\"item\":\"https:\/\/artherapievirtus.org\/virtuel\/\"},{\"@type\":\"ListItem\",\"position\":2,\"name\":\"Pierrick Brient commente le n\u00b0 de Psychologie clinique sur le virtuel\"}]},{\"@type\":\"WebSite\",\"@id\":\"https:\/\/artherapievirtus.org\/virtuel\/#website\",\"url\":\"https:\/\/artherapievirtus.org\/virtuel\/\",\"name\":\"Virtuel\",\"description\":\"Les nouvelles technologies et de la r\u00e9alit\u00e9 virtuelle en th\u00e9rapie\",\"publisher\":{\"@id\":\"https:\/\/artherapievirtus.org\/virtuel\/#organization\"},\"potentialAction\":[{\"@type\":\"SearchAction\",\"target\":{\"@type\":\"EntryPoint\",\"urlTemplate\":\"https:\/\/artherapievirtus.org\/virtuel\/?s={search_term_string}\"},\"query-input\":\"required name=search_term_string\"}],\"inLanguage\":\"fr-FR\"},{\"@type\":\"Organization\",\"@id\":\"https:\/\/artherapievirtus.org\/virtuel\/#organization\",\"name\":\"Art-Th\u00e9rapie Virtus\",\"url\":\"https:\/\/artherapievirtus.org\/virtuel\/\",\"logo\":{\"@type\":\"ImageObject\",\"inLanguage\":\"fr-FR\",\"@id\":\"https:\/\/artherapievirtus.org\/virtuel\/#\/schema\/logo\/image\/\",\"url\":\"https:\/\/artherapievirtus.org\/virtuel\/wp-content\/uploads\/2016\/05\/Logo-art-therapie-virtus-carre\u0301.jpg\",\"contentUrl\":\"https:\/\/artherapievirtus.org\/virtuel\/wp-content\/uploads\/2016\/05\/Logo-art-therapie-virtus-carre\u0301.jpg\",\"width\":1881,\"height\":1890,\"caption\":\"Art-Th\u00e9rapie Virtus\"},\"image\":{\"@id\":\"https:\/\/artherapievirtus.org\/virtuel\/#\/schema\/logo\/image\/\"},\"sameAs\":[\"https:\/\/www.facebook.com\/art.therapie.virtus\/\",\"https:\/\/twitter.com\/artherapie75\",\"https:\/\/www.linkedin.com\/company\/art-therapie-virtus\"]},{\"@type\":\"Person\",\"@id\":\"https:\/\/artherapievirtus.org\/virtuel\/#\/schema\/person\/a47e5e88bbd1ab98657eedf4f951a39f\",\"name\":\"Emmanuelle Cesari\",\"image\":{\"@type\":\"ImageObject\",\"inLanguage\":\"fr-FR\",\"@id\":\"https:\/\/artherapievirtus.org\/virtuel\/#\/schema\/person\/image\/\",\"url\":\"https:\/\/secure.gravatar.com\/avatar\/8d71b71249254a02a8148600f1a6ac71?s=96&r=g\",\"contentUrl\":\"https:\/\/secure.gravatar.com\/avatar\/8d71b71249254a02a8148600f1a6ac71?s=96&r=g\",\"caption\":\"Emmanuelle Cesari\"},\"description\":\"Master 2 Art-Th\u00e9rapie \u2013 PRES Sorbonne Cit\u00e9 \u2013\u00a0option arts plastiques\",\"url\":\"https:\/\/artherapievirtus.org\/virtuel\/author\/emmanuelle-cesari\/\"}]}<\/script>\n<!-- \/ Yoast SEO plugin. -->","yoast_head_json":{"title":"Pierrick Brient commente le n\u00b0 de Psychologie clinique sur le virtuel - Virtuel","robots":{"index":"index","follow":"follow","max-snippet":"max-snippet:-1","max-image-preview":"max-image-preview:large","max-video-preview":"max-video-preview:-1"},"canonical":"https:\/\/artherapievirtus.org\/virtuel\/2014\/09\/pierrick-brient-commente-le-n-de-psychologie-clinique-sur-le-virtuel\/","og_locale":"fr_FR","og_type":"article","og_title":"Pierrick Brient commente le n\u00b0 de Psychologie clinique sur le virtuel - Virtuel","og_description":"Dirig\u00e9 par Serge Tisseron et Fr\u00e9d\u00e9ric Tordo Revue Psychologie Clinique, n\u00b037, \u00e9ditions EDK, 2014\/1. Le num\u00e9ro 37 de la revue Psychologie Clinique propose une mise au point, tant conceptuelle que clinique, sur le terme tout moderne de \u00ab\u00a0virtuel\u00a0\u00bb. Dirig\u00e9 par Serge Tisseron et Fr\u00e9d\u00e9ric Tordo, ce dossier s&rsquo;appuie sur une grande vari\u00e9t\u00e9 de disciplines (psychologues,&hellip; Lire la suite Pierrick Brient commente le n\u00b0 de Psychologie clinique sur le virtuel","og_url":"https:\/\/artherapievirtus.org\/virtuel\/2014\/09\/pierrick-brient-commente-le-n-de-psychologie-clinique-sur-le-virtuel\/","og_site_name":"Virtuel","article_publisher":"https:\/\/www.facebook.com\/art.therapie.virtus\/","article_published_time":"2014-09-20T07:50:34+00:00","og_image":[{"url":"http:\/\/artherapievirtus.org\/virtuel\/wp-content\/uploads\/2014\/09\/Olivier-Douville.gif"}],"author":"Emmanuelle Cesari","twitter_card":"summary_large_image","twitter_creator":"@artherapie75","twitter_site":"@artherapie75","twitter_misc":{"\u00c9crit par":"Emmanuelle Cesari","Dur\u00e9e de lecture estim\u00e9e":"2 minutes"},"schema":{"@context":"https:\/\/schema.org","@graph":[{"@type":"Article","@id":"https:\/\/artherapievirtus.org\/virtuel\/2014\/09\/pierrick-brient-commente-le-n-de-psychologie-clinique-sur-le-virtuel\/#article","isPartOf":{"@id":"https:\/\/artherapievirtus.org\/virtuel\/2014\/09\/pierrick-brient-commente-le-n-de-psychologie-clinique-sur-le-virtuel\/"},"author":{"name":"Emmanuelle Cesari","@id":"https:\/\/artherapievirtus.org\/virtuel\/#\/schema\/person\/a47e5e88bbd1ab98657eedf4f951a39f"},"headline":"Pierrick Brient commente le n\u00b0 de Psychologie clinique sur le virtuel","datePublished":"2014-09-20T07:50:34+00:00","dateModified":"2014-09-20T07:50:34+00:00","mainEntityOfPage":{"@id":"https:\/\/artherapievirtus.org\/virtuel\/2014\/09\/pierrick-brient-commente-le-n-de-psychologie-clinique-sur-le-virtuel\/"},"wordCount":395,"commentCount":0,"publisher":{"@id":"https:\/\/artherapievirtus.org\/virtuel\/#organization"},"keywords":["F. Tordo","S. Tisseron"],"articleSection":["Article"],"inLanguage":"fr-FR","potentialAction":[{"@type":"CommentAction","name":"Comment","target":["https:\/\/artherapievirtus.org\/virtuel\/2014\/09\/pierrick-brient-commente-le-n-de-psychologie-clinique-sur-le-virtuel\/#respond"]}]},{"@type":"WebPage","@id":"https:\/\/artherapievirtus.org\/virtuel\/2014\/09\/pierrick-brient-commente-le-n-de-psychologie-clinique-sur-le-virtuel\/","url":"https:\/\/artherapievirtus.org\/virtuel\/2014\/09\/pierrick-brient-commente-le-n-de-psychologie-clinique-sur-le-virtuel\/","name":"Pierrick Brient commente le n\u00b0 de Psychologie clinique sur le virtuel - Virtuel","isPartOf":{"@id":"https:\/\/artherapievirtus.org\/virtuel\/#website"},"datePublished":"2014-09-20T07:50:34+00:00","dateModified":"2014-09-20T07:50:34+00:00","breadcrumb":{"@id":"https:\/\/artherapievirtus.org\/virtuel\/2014\/09\/pierrick-brient-commente-le-n-de-psychologie-clinique-sur-le-virtuel\/#breadcrumb"},"inLanguage":"fr-FR","potentialAction":[{"@type":"ReadAction","target":["https:\/\/artherapievirtus.org\/virtuel\/2014\/09\/pierrick-brient-commente-le-n-de-psychologie-clinique-sur-le-virtuel\/"]}]},{"@type":"BreadcrumbList","@id":"https:\/\/artherapievirtus.org\/virtuel\/2014\/09\/pierrick-brient-commente-le-n-de-psychologie-clinique-sur-le-virtuel\/#breadcrumb","itemListElement":[{"@type":"ListItem","position":1,"name":"Accueil","item":"https:\/\/artherapievirtus.org\/virtuel\/"},{"@type":"ListItem","position":2,"name":"Pierrick Brient commente le n\u00b0 de Psychologie clinique sur le virtuel"}]},{"@type":"WebSite","@id":"https:\/\/artherapievirtus.org\/virtuel\/#website","url":"https:\/\/artherapievirtus.org\/virtuel\/","name":"Virtuel","description":"Les nouvelles technologies et de la r\u00e9alit\u00e9 virtuelle en th\u00e9rapie","publisher":{"@id":"https:\/\/artherapievirtus.org\/virtuel\/#organization"},"potentialAction":[{"@type":"SearchAction","target":{"@type":"EntryPoint","urlTemplate":"https:\/\/artherapievirtus.org\/virtuel\/?s={search_term_string}"},"query-input":"required name=search_term_string"}],"inLanguage":"fr-FR"},{"@type":"Organization","@id":"https:\/\/artherapievirtus.org\/virtuel\/#organization","name":"Art-Th\u00e9rapie Virtus","url":"https:\/\/artherapievirtus.org\/virtuel\/","logo":{"@type":"ImageObject","inLanguage":"fr-FR","@id":"https:\/\/artherapievirtus.org\/virtuel\/#\/schema\/logo\/image\/","url":"https:\/\/artherapievirtus.org\/virtuel\/wp-content\/uploads\/2016\/05\/Logo-art-therapie-virtus-carre\u0301.jpg","contentUrl":"https:\/\/artherapievirtus.org\/virtuel\/wp-content\/uploads\/2016\/05\/Logo-art-therapie-virtus-carre\u0301.jpg","width":1881,"height":1890,"caption":"Art-Th\u00e9rapie Virtus"},"image":{"@id":"https:\/\/artherapievirtus.org\/virtuel\/#\/schema\/logo\/image\/"},"sameAs":["https:\/\/www.facebook.com\/art.therapie.virtus\/","https:\/\/twitter.com\/artherapie75","https:\/\/www.linkedin.com\/company\/art-therapie-virtus"]},{"@type":"Person","@id":"https:\/\/artherapievirtus.org\/virtuel\/#\/schema\/person\/a47e5e88bbd1ab98657eedf4f951a39f","name":"Emmanuelle Cesari","image":{"@type":"ImageObject","inLanguage":"fr-FR","@id":"https:\/\/artherapievirtus.org\/virtuel\/#\/schema\/person\/image\/","url":"https:\/\/secure.gravatar.com\/avatar\/8d71b71249254a02a8148600f1a6ac71?s=96&r=g","contentUrl":"https:\/\/secure.gravatar.com\/avatar\/8d71b71249254a02a8148600f1a6ac71?s=96&r=g","caption":"Emmanuelle Cesari"},"description":"Master 2 Art-Th\u00e9rapie \u2013 PRES Sorbonne Cit\u00e9 \u2013\u00a0option arts plastiques","url":"https:\/\/artherapievirtus.org\/virtuel\/author\/emmanuelle-cesari\/"}]}},"jetpack_featured_media_url":"","jetpack_sharing_enabled":true,"jetpack_shortlink":"https:\/\/wp.me\/p45zDa-2Q","jetpack_likes_enabled":true,"_links":{"self":[{"href":"https:\/\/artherapievirtus.org\/virtuel\/wp-json\/wp\/v2\/posts\/176"}],"collection":[{"href":"https:\/\/artherapievirtus.org\/virtuel\/wp-json\/wp\/v2\/posts"}],"about":[{"href":"https:\/\/artherapievirtus.org\/virtuel\/wp-json\/wp\/v2\/types\/post"}],"author":[{"embeddable":true,"href":"https:\/\/artherapievirtus.org\/virtuel\/wp-json\/wp\/v2\/users\/2"}],"replies":[{"embeddable":true,"href":"https:\/\/artherapievirtus.org\/virtuel\/wp-json\/wp\/v2\/comments?post=176"}],"version-history":[{"count":1,"href":"https:\/\/artherapievirtus.org\/virtuel\/wp-json\/wp\/v2\/posts\/176\/revisions"}],"predecessor-version":[{"id":178,"href":"https:\/\/artherapievirtus.org\/virtuel\/wp-json\/wp\/v2\/posts\/176\/revisions\/178"}],"wp:attachment":[{"href":"https:\/\/artherapievirtus.org\/virtuel\/wp-json\/wp\/v2\/media?parent=176"}],"wp:term":[{"taxonomy":"category","embeddable":true,"href":"https:\/\/artherapievirtus.org\/virtuel\/wp-json\/wp\/v2\/categories?post=176"},{"taxonomy":"post_tag","embeddable":true,"href":"https:\/\/artherapievirtus.org\/virtuel\/wp-json\/wp\/v2\/tags?post=176"}],"curies":[{"name":"wp","href":"https:\/\/api.w.org\/{rel}","templated":true}]}}