{"id":1646,"date":"2020-09-29T19:33:12","date_gmt":"2020-09-29T17:33:12","guid":{"rendered":"https:\/\/artherapievirtus.org\/virtuel\/?p=1646"},"modified":"2020-09-30T08:01:23","modified_gmt":"2020-09-30T06:01:23","slug":"inria-mille-et-un-robots-7-octobre-2020","status":"publish","type":"post","link":"https:\/\/artherapievirtus.org\/virtuel\/2020\/09\/inria-mille-et-un-robots-7-octobre-2020\/","title":{"rendered":"INRIA \u2013 Mille et un robots \u2013 7 octobre 2020"},"content":{"rendered":"<p>INRIA Robots<br \/>\n<a href=\"https:\/\/www.inria.fr\/fr\/mille-et-un-robots\" target=\"_blank\" rel=\"noopener noreferrer\"><img loading=\"lazy\" decoding=\"async\" class=\"aligncenter wp-image-1647 size-full\" src=\"https:\/\/artherapievirtus.org\/virtuel\/wp-content\/uploads\/2020\/09\/INRIA_Robots_479x269_0.jpg\" alt=\"INRIA \u2013 Mille et un robots \u2013 7 octobre 2020\" width=\"479\" height=\"269\" srcset=\"https:\/\/artherapievirtus.org\/virtuel\/wp-content\/uploads\/2020\/09\/INRIA_Robots_479x269_0.jpg 479w, https:\/\/artherapievirtus.org\/virtuel\/wp-content\/uploads\/2020\/09\/INRIA_Robots_479x269_0-300x168.jpg 300w\" sizes=\"(max-width: 479px) 100vw, 479px\" \/><\/a><\/p>\n<blockquote><p>Les robots, tout le monde conna\u00eet. Depuis 1970, ils remplacent l\u2019homme pour l\u2019ex\u00e9cution de t\u00e2ches r\u00e9p\u00e9titives dans l\u2019industrie. Aujourd\u2019hui, qu\u2019en est-il ? On ne dit plus robot mais cobot ! L\u2019enjeu n\u2019est plus l\u2019ex\u00e9cution mais la collaboration entre l\u2019intelligence humaine et les capacit\u00e9s robotiques, pour faire mieux, plus s\u00fbr et plus efficace.<\/p><\/blockquote>\n<h6>Les directs du jour<\/h6>\n<h6><span style=\"color: #7724c9;\">13h30 \u2013 Avis de recherche (Tout public) \u2013 \u00ab\u00a0Cobots, ces pr\u00e9cieux robots collaborateurs\u00a0\u00bb avec Serena Ivaldi<\/span><\/h6>\n<p>Autrefois utilis\u00e9s \u00e0 seule fin d&rsquo;automatiser des t\u00e2ches industrielles, certains robots sont devenus de vrais collaborateurs. Ils sont d\u00e9sign\u00e9s sous le terme de cobots. Ce n\u00e9ologisme, compos\u00e9 des termes collaboration et robots, d\u00e9signe l&rsquo;alliance de l&rsquo;intelligence humaine aux capacit\u00e9s robotiques afin de gagner en s\u00e9curit\u00e9 et efficacit\u00e9. En effet, ils peuvent se substituer \u00e0 l&rsquo;humain dans des lieux \u00e9loign\u00e9s et contamin\u00e9s. Ils peuvent fournir une assistance physique pour diminuer nos efforts pendant l&rsquo;ex\u00e9cution d&rsquo;une t\u00e2che ou bien encore agir \u00e0 nos c\u00f4t\u00e9s pour am\u00e9liorer notre qualit\u00e9 de vie au travail.<\/p>\n<p><span style=\"color: #3366ff;\"><em>Bio express<\/em><\/span><br \/>\n<em>Serena Ivaldi, charg\u00e9e de recherche au centre Inria Nancy, illustrera cette collaboration humains-robots au travers de nombreux exemples de robots et de technologies robotiques.<\/em><\/p>\n<h6><span style=\"color: #7724c9;\">15h \u2013 D\u00e9cryptage (D\u00e8s 11 ans) \u2013 \u00ab\u00a0La famille MARIONET\u00a0\u00bb avec Jean-Pierre Merlet<\/span><\/h6>\n<p>MARIONET est une famille de robots parall\u00e8les \u00e0 c\u00e2bles. Si leur analyse est complexe ils ont l&rsquo;avantage d&rsquo;\u00eatre peu co\u00fbteux, modulaires, d&rsquo;offrir une \u00e9tendue de d\u00e9placement tr\u00e8s grande m\u00eame pour des charges lourdes et d&rsquo;\u00eatre facilement transportables. Ils couvrent une large gamme d&rsquo;applications comme le transport de personnes fragiles, la r\u00e9\u00e9ducation, le sauvetage, le traitement agricole.<\/p>\n<p>MARIONET est une famille de robots int\u00e9ressante pour illustrer des concepts scientifiques dans des domaines divers et autre que la robotique comme les math\u00e9matiques, l\u2019informatique, la m\u00e9canique ou l&rsquo;automatique.<\/p>\n<p><span style=\"color: #3366ff;\"><em>Bio express<\/em><\/span><br \/>\n<em>Jean-Pierre Merlet est directeur de recherche et responsable de l&rsquo;\u00e9quipe HEPHAISTOS au centre Inria Sophia Antipolis. Son \u00e9quipe d\u00e9veloppe des dispositifs d\u2019assistance robotis\u00e9s, pour les personnes fragiles et leurs aidants. Ceux-ci peuvent fournir des informations \u00e0 la communaut\u00e9 m\u00e9dicale.<\/em><\/p>\n<p><span style=\"color: #3366ff;\"><em>Le coin lecture<\/em><\/span><br \/>\n\u00ab\u00a0Quelle place pour la voiture en ville ?\u00a0\u00bb &#8211; Interstices &#8211; Novembre 2015<br \/>\n\u00ab\u00a0Au service des personnes fragiles\u00a0\u00bb &#8211; Interstices &#8211; F\u00e9vrier 2016<br \/>\n<span style=\"color: #3366ff;\"><em>Moments d&rsquo;\u00e9coute<\/em><\/span><br \/>\n\u00ab\u00a0La robotique, un secteur en devenir\u00a0\u00bb avec Serena Ivaldi &#8211; Soundcloud &#8211; 2017<br \/>\n\u00ab\u00a0Des robots au service des Hommes\u00a0\u00bb avec Serena Ivaldi &#8211; Interstices &#8211; Mars 2016<br \/>\n\u00ab\u00a0Un robot pour \u00e9tudier les insectes volants\u00a0\u00bb &#8211; RFI &#8211; Juin 2020<br \/>\n<span style=\"color: #3366ff;\"><em>La pause vid\u00e9o<\/em><\/span><br \/>\n\u00ab\u00a0Quand les robots changent nos lois\u00a0\u00bb &#8211; Le Monde &#8211; Avril 2017<br \/>\nFilm muet montrant l&rsquo;utilisation d&rsquo;un grue de levage avec manipulation biom\u00e9dicale de patients &#8211; Inria.fr &#8211; 2011<\/p>\n<h6><span style=\"color: #993300;\"><em>Pour obtenir le programme, cliquez sur l&rsquo;image<\/em><\/span><\/h6>\n","protected":false},"excerpt":{"rendered":"<p>INRIA Robots Les robots, tout le monde conna\u00eet. Depuis 1970, ils remplacent l\u2019homme pour l\u2019ex\u00e9cution de t\u00e2ches r\u00e9p\u00e9titives dans l\u2019industrie. Aujourd\u2019hui, qu\u2019en est-il ? On ne dit plus robot mais cobot ! L\u2019enjeu n\u2019est plus l\u2019ex\u00e9cution mais la collaboration entre l\u2019intelligence humaine et les capacit\u00e9s robotiques, pour faire mieux, plus s\u00fbr et plus efficace. Les&hellip; <\/p>\n<p class=\"toivo-read-more\"><a href=\"https:\/\/artherapievirtus.org\/virtuel\/2020\/09\/inria-mille-et-un-robots-7-octobre-2020\/\" class=\"more-link\">Lire la suite <span class=\"screen-reader-text\">INRIA \u2013 Mille et un robots \u2013 7 octobre 2020<\/span><\/a><\/p>\n","protected":false},"author":3,"featured_media":0,"comment_status":"open","ping_status":"open","sticky":false,"template":"","format":"standard","meta":{"jetpack_post_was_ever_published":false,"_jetpack_newsletter_access":"","_jetpack_dont_email_post_to_subs":false,"_jetpack_newsletter_tier_id":0,"footnotes":"","jetpack_publicize_message":"","jetpack_publicize_feature_enabled":true,"jetpack_social_post_already_shared":true,"jetpack_social_options":{"image_generator_settings":{"template":"highway","enabled":false}}},"categories":[1],"tags":[],"jetpack_publicize_connections":[],"yoast_head":"<!-- This site is optimized with the Yoast SEO plugin v22.1 - https:\/\/yoast.com\/wordpress\/plugins\/seo\/ -->\n<title>INRIA \u2013 Mille et un robots \u2013 7 octobre 2020 - Virtuel<\/title>\n<meta name=\"description\" content=\"Serena Ivaldi, Jean-Pierre Merlet, cobot, INRIA Robots, Cobots, ces pr\u00e9cieux robots collaborateurs, La famille MARIONET\" \/>\n<meta name=\"robots\" content=\"index, follow, max-snippet:-1, max-image-preview:large, max-video-preview:-1\" \/>\n<link rel=\"canonical\" href=\"https:\/\/artherapievirtus.org\/virtuel\/2020\/09\/inria-mille-et-un-robots-7-octobre-2020\/\" \/>\n<meta property=\"og:locale\" content=\"fr_FR\" \/>\n<meta property=\"og:type\" content=\"article\" \/>\n<meta property=\"og:title\" content=\"INRIA \u2013 Mille et un robots \u2013 7 octobre 2020 - Virtuel\" \/>\n<meta property=\"og:description\" content=\"Serena Ivaldi, Jean-Pierre Merlet, cobot, INRIA Robots, Cobots, ces pr\u00e9cieux robots collaborateurs, La famille MARIONET\" \/>\n<meta property=\"og:url\" content=\"https:\/\/artherapievirtus.org\/virtuel\/2020\/09\/inria-mille-et-un-robots-7-octobre-2020\/\" \/>\n<meta property=\"og:site_name\" content=\"Virtuel\" \/>\n<meta property=\"article:publisher\" content=\"https:\/\/www.facebook.com\/art.therapie.virtus\/\" \/>\n<meta property=\"article:published_time\" content=\"2020-09-29T17:33:12+00:00\" \/>\n<meta property=\"article:modified_time\" content=\"2020-09-30T06:01:23+00:00\" \/>\n<meta property=\"og:image\" content=\"https:\/\/artherapievirtus.org\/virtuel\/wp-content\/uploads\/2020\/09\/INRIA_Robots_479x269_0.jpg\" \/>\n<meta name=\"author\" content=\"Art-Th\u00e9rapie Virtus\" \/>\n<meta name=\"twitter:card\" content=\"summary_large_image\" \/>\n<meta name=\"twitter:creator\" content=\"@artherapie75\" \/>\n<meta name=\"twitter:site\" content=\"@artherapie75\" \/>\n<meta name=\"twitter:label1\" content=\"\u00c9crit par\" \/>\n\t<meta name=\"twitter:data1\" content=\"Art-Th\u00e9rapie Virtus\" \/>\n\t<meta name=\"twitter:label2\" content=\"Dur\u00e9e de lecture estim\u00e9e\" \/>\n\t<meta name=\"twitter:data2\" content=\"2 minutes\" \/>\n<script type=\"application\/ld+json\" class=\"yoast-schema-graph\">{\"@context\":\"https:\/\/schema.org\",\"@graph\":[{\"@type\":\"Article\",\"@id\":\"https:\/\/artherapievirtus.org\/virtuel\/2020\/09\/inria-mille-et-un-robots-7-octobre-2020\/#article\",\"isPartOf\":{\"@id\":\"https:\/\/artherapievirtus.org\/virtuel\/2020\/09\/inria-mille-et-un-robots-7-octobre-2020\/\"},\"author\":{\"name\":\"Art-Th\u00e9rapie Virtus\",\"@id\":\"https:\/\/artherapievirtus.org\/virtuel\/#\/schema\/person\/ba20bd3e93ddc53d9f80a49ec0f6bf95\"},\"headline\":\"INRIA \u2013 Mille et un robots \u2013 7 octobre 2020\",\"datePublished\":\"2020-09-29T17:33:12+00:00\",\"dateModified\":\"2020-09-30T06:01:23+00:00\",\"mainEntityOfPage\":{\"@id\":\"https:\/\/artherapievirtus.org\/virtuel\/2020\/09\/inria-mille-et-un-robots-7-octobre-2020\/\"},\"wordCount\":479,\"commentCount\":0,\"publisher\":{\"@id\":\"https:\/\/artherapievirtus.org\/virtuel\/#organization\"},\"articleSection\":[\"Virtuel\"],\"inLanguage\":\"fr-FR\",\"potentialAction\":[{\"@type\":\"CommentAction\",\"name\":\"Comment\",\"target\":[\"https:\/\/artherapievirtus.org\/virtuel\/2020\/09\/inria-mille-et-un-robots-7-octobre-2020\/#respond\"]}]},{\"@type\":\"WebPage\",\"@id\":\"https:\/\/artherapievirtus.org\/virtuel\/2020\/09\/inria-mille-et-un-robots-7-octobre-2020\/\",\"url\":\"https:\/\/artherapievirtus.org\/virtuel\/2020\/09\/inria-mille-et-un-robots-7-octobre-2020\/\",\"name\":\"INRIA \u2013 Mille et un robots \u2013 7 octobre 2020 - Virtuel\",\"isPartOf\":{\"@id\":\"https:\/\/artherapievirtus.org\/virtuel\/#website\"},\"datePublished\":\"2020-09-29T17:33:12+00:00\",\"dateModified\":\"2020-09-30T06:01:23+00:00\",\"description\":\"Serena Ivaldi, Jean-Pierre Merlet, cobot, INRIA Robots, Cobots, ces pr\u00e9cieux robots collaborateurs, La famille MARIONET\",\"breadcrumb\":{\"@id\":\"https:\/\/artherapievirtus.org\/virtuel\/2020\/09\/inria-mille-et-un-robots-7-octobre-2020\/#breadcrumb\"},\"inLanguage\":\"fr-FR\",\"potentialAction\":[{\"@type\":\"ReadAction\",\"target\":[\"https:\/\/artherapievirtus.org\/virtuel\/2020\/09\/inria-mille-et-un-robots-7-octobre-2020\/\"]}]},{\"@type\":\"BreadcrumbList\",\"@id\":\"https:\/\/artherapievirtus.org\/virtuel\/2020\/09\/inria-mille-et-un-robots-7-octobre-2020\/#breadcrumb\",\"itemListElement\":[{\"@type\":\"ListItem\",\"position\":1,\"name\":\"Accueil\",\"item\":\"https:\/\/artherapievirtus.org\/virtuel\/\"},{\"@type\":\"ListItem\",\"position\":2,\"name\":\"INRIA \u2013 Mille et un robots \u2013 7 octobre 2020\"}]},{\"@type\":\"WebSite\",\"@id\":\"https:\/\/artherapievirtus.org\/virtuel\/#website\",\"url\":\"https:\/\/artherapievirtus.org\/virtuel\/\",\"name\":\"Virtuel\",\"description\":\"Les nouvelles technologies et de la r\u00e9alit\u00e9 virtuelle en th\u00e9rapie\",\"publisher\":{\"@id\":\"https:\/\/artherapievirtus.org\/virtuel\/#organization\"},\"potentialAction\":[{\"@type\":\"SearchAction\",\"target\":{\"@type\":\"EntryPoint\",\"urlTemplate\":\"https:\/\/artherapievirtus.org\/virtuel\/?s={search_term_string}\"},\"query-input\":\"required name=search_term_string\"}],\"inLanguage\":\"fr-FR\"},{\"@type\":\"Organization\",\"@id\":\"https:\/\/artherapievirtus.org\/virtuel\/#organization\",\"name\":\"Art-Th\u00e9rapie Virtus\",\"url\":\"https:\/\/artherapievirtus.org\/virtuel\/\",\"logo\":{\"@type\":\"ImageObject\",\"inLanguage\":\"fr-FR\",\"@id\":\"https:\/\/artherapievirtus.org\/virtuel\/#\/schema\/logo\/image\/\",\"url\":\"https:\/\/artherapievirtus.org\/virtuel\/wp-content\/uploads\/2016\/05\/Logo-art-therapie-virtus-carre\u0301.jpg\",\"contentUrl\":\"https:\/\/artherapievirtus.org\/virtuel\/wp-content\/uploads\/2016\/05\/Logo-art-therapie-virtus-carre\u0301.jpg\",\"width\":1881,\"height\":1890,\"caption\":\"Art-Th\u00e9rapie Virtus\"},\"image\":{\"@id\":\"https:\/\/artherapievirtus.org\/virtuel\/#\/schema\/logo\/image\/\"},\"sameAs\":[\"https:\/\/www.facebook.com\/art.therapie.virtus\/\",\"https:\/\/twitter.com\/artherapie75\",\"https:\/\/www.linkedin.com\/company\/art-therapie-virtus\"]},{\"@type\":\"Person\",\"@id\":\"https:\/\/artherapievirtus.org\/virtuel\/#\/schema\/person\/ba20bd3e93ddc53d9f80a49ec0f6bf95\",\"name\":\"Art-Th\u00e9rapie Virtus\",\"image\":{\"@type\":\"ImageObject\",\"inLanguage\":\"fr-FR\",\"@id\":\"https:\/\/artherapievirtus.org\/virtuel\/#\/schema\/person\/image\/\",\"url\":\"https:\/\/secure.gravatar.com\/avatar\/bb94db28f5ebe7a73510ba04abf4569c?s=96&r=g\",\"contentUrl\":\"https:\/\/secure.gravatar.com\/avatar\/bb94db28f5ebe7a73510ba04abf4569c?s=96&r=g\",\"caption\":\"Art-Th\u00e9rapie Virtus\"},\"description\":\"Cette association a pour objet et vocation : \u2022 de promouvoir l\u2019Art-Th\u00e9rapie sous toutes ses formes sur Internet et au sein de formations, \u2022 permettre un lieu d\u2019expression pour l\u2019Art-Th\u00e9rapie sur le web, \u2022 de promouvoir les sites et blogues d\u2019Art-Th\u00e9rapie sur internet, ceux existants et ceux \u00e0 venir, \u2022 d\u2019en assurer la gestion, \u2022 de rassembler une documentation sur l\u2019Art-Th\u00e9rapie, \u2022 rechercher tous les moyens pour exercer l\u2019Art-Th\u00e9rapie. Les interactions entre usagers et leurs cons\u00e9quences sont donc bien r\u00e9elles puisqu'il s'agit de personnes r\u00e9elles interagissant par le biais d'un outil informatique.\",\"sameAs\":[\"http:\/\/artherapievirtus.org\/\"],\"url\":\"https:\/\/artherapievirtus.org\/virtuel\/author\/artherapievirtus\/\"}]}<\/script>\n<!-- \/ Yoast SEO plugin. -->","yoast_head_json":{"title":"INRIA \u2013 Mille et un robots \u2013 7 octobre 2020 - Virtuel","description":"Serena Ivaldi, Jean-Pierre Merlet, cobot, INRIA Robots, Cobots, ces pr\u00e9cieux robots collaborateurs, La famille MARIONET","robots":{"index":"index","follow":"follow","max-snippet":"max-snippet:-1","max-image-preview":"max-image-preview:large","max-video-preview":"max-video-preview:-1"},"canonical":"https:\/\/artherapievirtus.org\/virtuel\/2020\/09\/inria-mille-et-un-robots-7-octobre-2020\/","og_locale":"fr_FR","og_type":"article","og_title":"INRIA \u2013 Mille et un robots \u2013 7 octobre 2020 - Virtuel","og_description":"Serena Ivaldi, Jean-Pierre Merlet, cobot, INRIA Robots, Cobots, ces pr\u00e9cieux robots collaborateurs, La famille MARIONET","og_url":"https:\/\/artherapievirtus.org\/virtuel\/2020\/09\/inria-mille-et-un-robots-7-octobre-2020\/","og_site_name":"Virtuel","article_publisher":"https:\/\/www.facebook.com\/art.therapie.virtus\/","article_published_time":"2020-09-29T17:33:12+00:00","article_modified_time":"2020-09-30T06:01:23+00:00","og_image":[{"url":"https:\/\/artherapievirtus.org\/virtuel\/wp-content\/uploads\/2020\/09\/INRIA_Robots_479x269_0.jpg"}],"author":"Art-Th\u00e9rapie Virtus","twitter_card":"summary_large_image","twitter_creator":"@artherapie75","twitter_site":"@artherapie75","twitter_misc":{"\u00c9crit par":"Art-Th\u00e9rapie Virtus","Dur\u00e9e de lecture estim\u00e9e":"2 minutes"},"schema":{"@context":"https:\/\/schema.org","@graph":[{"@type":"Article","@id":"https:\/\/artherapievirtus.org\/virtuel\/2020\/09\/inria-mille-et-un-robots-7-octobre-2020\/#article","isPartOf":{"@id":"https:\/\/artherapievirtus.org\/virtuel\/2020\/09\/inria-mille-et-un-robots-7-octobre-2020\/"},"author":{"name":"Art-Th\u00e9rapie Virtus","@id":"https:\/\/artherapievirtus.org\/virtuel\/#\/schema\/person\/ba20bd3e93ddc53d9f80a49ec0f6bf95"},"headline":"INRIA \u2013 Mille et un robots \u2013 7 octobre 2020","datePublished":"2020-09-29T17:33:12+00:00","dateModified":"2020-09-30T06:01:23+00:00","mainEntityOfPage":{"@id":"https:\/\/artherapievirtus.org\/virtuel\/2020\/09\/inria-mille-et-un-robots-7-octobre-2020\/"},"wordCount":479,"commentCount":0,"publisher":{"@id":"https:\/\/artherapievirtus.org\/virtuel\/#organization"},"articleSection":["Virtuel"],"inLanguage":"fr-FR","potentialAction":[{"@type":"CommentAction","name":"Comment","target":["https:\/\/artherapievirtus.org\/virtuel\/2020\/09\/inria-mille-et-un-robots-7-octobre-2020\/#respond"]}]},{"@type":"WebPage","@id":"https:\/\/artherapievirtus.org\/virtuel\/2020\/09\/inria-mille-et-un-robots-7-octobre-2020\/","url":"https:\/\/artherapievirtus.org\/virtuel\/2020\/09\/inria-mille-et-un-robots-7-octobre-2020\/","name":"INRIA \u2013 Mille et un robots \u2013 7 octobre 2020 - Virtuel","isPartOf":{"@id":"https:\/\/artherapievirtus.org\/virtuel\/#website"},"datePublished":"2020-09-29T17:33:12+00:00","dateModified":"2020-09-30T06:01:23+00:00","description":"Serena Ivaldi, Jean-Pierre Merlet, cobot, INRIA Robots, Cobots, ces pr\u00e9cieux robots collaborateurs, La famille MARIONET","breadcrumb":{"@id":"https:\/\/artherapievirtus.org\/virtuel\/2020\/09\/inria-mille-et-un-robots-7-octobre-2020\/#breadcrumb"},"inLanguage":"fr-FR","potentialAction":[{"@type":"ReadAction","target":["https:\/\/artherapievirtus.org\/virtuel\/2020\/09\/inria-mille-et-un-robots-7-octobre-2020\/"]}]},{"@type":"BreadcrumbList","@id":"https:\/\/artherapievirtus.org\/virtuel\/2020\/09\/inria-mille-et-un-robots-7-octobre-2020\/#breadcrumb","itemListElement":[{"@type":"ListItem","position":1,"name":"Accueil","item":"https:\/\/artherapievirtus.org\/virtuel\/"},{"@type":"ListItem","position":2,"name":"INRIA \u2013 Mille et un robots \u2013 7 octobre 2020"}]},{"@type":"WebSite","@id":"https:\/\/artherapievirtus.org\/virtuel\/#website","url":"https:\/\/artherapievirtus.org\/virtuel\/","name":"Virtuel","description":"Les nouvelles technologies et de la r\u00e9alit\u00e9 virtuelle en th\u00e9rapie","publisher":{"@id":"https:\/\/artherapievirtus.org\/virtuel\/#organization"},"potentialAction":[{"@type":"SearchAction","target":{"@type":"EntryPoint","urlTemplate":"https:\/\/artherapievirtus.org\/virtuel\/?s={search_term_string}"},"query-input":"required name=search_term_string"}],"inLanguage":"fr-FR"},{"@type":"Organization","@id":"https:\/\/artherapievirtus.org\/virtuel\/#organization","name":"Art-Th\u00e9rapie Virtus","url":"https:\/\/artherapievirtus.org\/virtuel\/","logo":{"@type":"ImageObject","inLanguage":"fr-FR","@id":"https:\/\/artherapievirtus.org\/virtuel\/#\/schema\/logo\/image\/","url":"https:\/\/artherapievirtus.org\/virtuel\/wp-content\/uploads\/2016\/05\/Logo-art-therapie-virtus-carre\u0301.jpg","contentUrl":"https:\/\/artherapievirtus.org\/virtuel\/wp-content\/uploads\/2016\/05\/Logo-art-therapie-virtus-carre\u0301.jpg","width":1881,"height":1890,"caption":"Art-Th\u00e9rapie Virtus"},"image":{"@id":"https:\/\/artherapievirtus.org\/virtuel\/#\/schema\/logo\/image\/"},"sameAs":["https:\/\/www.facebook.com\/art.therapie.virtus\/","https:\/\/twitter.com\/artherapie75","https:\/\/www.linkedin.com\/company\/art-therapie-virtus"]},{"@type":"Person","@id":"https:\/\/artherapievirtus.org\/virtuel\/#\/schema\/person\/ba20bd3e93ddc53d9f80a49ec0f6bf95","name":"Art-Th\u00e9rapie Virtus","image":{"@type":"ImageObject","inLanguage":"fr-FR","@id":"https:\/\/artherapievirtus.org\/virtuel\/#\/schema\/person\/image\/","url":"https:\/\/secure.gravatar.com\/avatar\/bb94db28f5ebe7a73510ba04abf4569c?s=96&r=g","contentUrl":"https:\/\/secure.gravatar.com\/avatar\/bb94db28f5ebe7a73510ba04abf4569c?s=96&r=g","caption":"Art-Th\u00e9rapie Virtus"},"description":"Cette association a pour objet et vocation : \u2022 de promouvoir l\u2019Art-Th\u00e9rapie sous toutes ses formes sur Internet et au sein de formations, \u2022 permettre un lieu d\u2019expression pour l\u2019Art-Th\u00e9rapie sur le web, \u2022 de promouvoir les sites et blogues d\u2019Art-Th\u00e9rapie sur internet, ceux existants et ceux \u00e0 venir, \u2022 d\u2019en assurer la gestion, \u2022 de rassembler une documentation sur l\u2019Art-Th\u00e9rapie, \u2022 rechercher tous les moyens pour exercer l\u2019Art-Th\u00e9rapie. Les interactions entre usagers et leurs cons\u00e9quences sont donc bien r\u00e9elles puisqu'il s'agit de personnes r\u00e9elles interagissant par le biais d'un outil informatique.","sameAs":["http:\/\/artherapievirtus.org\/"],"url":"https:\/\/artherapievirtus.org\/virtuel\/author\/artherapievirtus\/"}]}},"jetpack_featured_media_url":"","jetpack_sharing_enabled":true,"jetpack_shortlink":"https:\/\/wp.me\/p45zDa-qy","jetpack_likes_enabled":true,"_links":{"self":[{"href":"https:\/\/artherapievirtus.org\/virtuel\/wp-json\/wp\/v2\/posts\/1646"}],"collection":[{"href":"https:\/\/artherapievirtus.org\/virtuel\/wp-json\/wp\/v2\/posts"}],"about":[{"href":"https:\/\/artherapievirtus.org\/virtuel\/wp-json\/wp\/v2\/types\/post"}],"author":[{"embeddable":true,"href":"https:\/\/artherapievirtus.org\/virtuel\/wp-json\/wp\/v2\/users\/3"}],"replies":[{"embeddable":true,"href":"https:\/\/artherapievirtus.org\/virtuel\/wp-json\/wp\/v2\/comments?post=1646"}],"version-history":[{"count":10,"href":"https:\/\/artherapievirtus.org\/virtuel\/wp-json\/wp\/v2\/posts\/1646\/revisions"}],"predecessor-version":[{"id":1657,"href":"https:\/\/artherapievirtus.org\/virtuel\/wp-json\/wp\/v2\/posts\/1646\/revisions\/1657"}],"wp:attachment":[{"href":"https:\/\/artherapievirtus.org\/virtuel\/wp-json\/wp\/v2\/media?parent=1646"}],"wp:term":[{"taxonomy":"category","embeddable":true,"href":"https:\/\/artherapievirtus.org\/virtuel\/wp-json\/wp\/v2\/categories?post=1646"},{"taxonomy":"post_tag","embeddable":true,"href":"https:\/\/artherapievirtus.org\/virtuel\/wp-json\/wp\/v2\/tags?post=1646"}],"curies":[{"name":"wp","href":"https:\/\/api.w.org\/{rel}","templated":true}]}}