{"id":156,"date":"2014-09-14T15:15:44","date_gmt":"2014-09-14T13:15:44","guid":{"rendered":"http:\/\/artherapievirtus.org\/virtuel\/?p=156"},"modified":"2014-09-14T15:15:44","modified_gmt":"2014-09-14T13:15:44","slug":"guerir-par-le-virtuel-une-nouvelle-approche-therapeutique-par-michael-stora","status":"publish","type":"post","link":"https:\/\/artherapievirtus.org\/virtuel\/2014\/09\/guerir-par-le-virtuel-une-nouvelle-approche-therapeutique-par-michael-stora\/","title":{"rendered":"Gu\u00e9rir par le virtuel : Une nouvelle approche th\u00e9rapeutique par Michael Stora"},"content":{"rendered":"<p><a href=\"http:\/\/www.babelio.com\/livres\/Stora-Guerir-par-le-virtuel--Une-nouvelle-approche-ther\/498719\"><img loading=\"lazy\" decoding=\"async\" class=\"alignleft size-medium wp-image-157\" src=\"http:\/\/artherapievirtus.org\/virtuel\/wp-content\/uploads\/2014\/09\/Gue\u0301rir-par-le-virtuel-200x300.gif\" alt=\"Gue\u0301rir-par-le-virtuel\" width=\"200\" height=\"300\" \/><\/a>Michael Stora &amp; Blandine de Dinechin<br \/>\nBroch\u00e9: 215 pages<br \/>\n\u00c9diteur\u00a0: Presses de la Renaissance (3 novembre 2005)<br \/>\nLangue\u00a0: Fran\u00e7ais<br \/>\nISBN-10: 2750900123<br \/>\nISBN-13: 978-2750900120<br \/>\nDimensions du produit: 19,4 x 13,2 x 2,2 cm<br \/>\nR\u00e9sum\u00e9 :<br \/>\nPionnier dans l&rsquo;usage du virtuel en th\u00e9rapie, Michael Stora, psychologue clinicien et psychanalyste, re\u00e7oit des adolescents et des adultes accros au num\u00e9rique (chat, Internet, etc.), et utilise les jeux vid\u00e9o comme moyen th\u00e9rapeutique aupr\u00e8s d&rsquo;enfants souffrants de troubles du comportement. Les jeux vid\u00e9o \u00e9veilleraient la violence et \u00e9toufferaient la personnalit\u00e9&#8230; Pour l&rsquo;auteur, le virtuel n&rsquo;est pas cette n\u00e9gation du r\u00e9el dont on parle tant, mais plut\u00f4t une re-cr\u00e9ation de celui-ci, pouvant aider \u00e0 gagner une confiance que le r\u00e9el offre difficilement. Un terrain de je o\u00f9 l&rsquo;on d\u00e9nouerait \u00e0 la lumi\u00e8re de l&rsquo;\u00e9cran les \u00a0\u00bb sombreurs \u00a0\u00bb du moi. D\u00e9cortiquant les peurs suscit\u00e9es par les images interactives, Michael Stora apporte des r\u00e9flexions positives sur ces obscurs objets de plaisir en illustrant son propos d&rsquo;exemples concrets. Au fil des pages, il nous familiarise avec les codes de cette culture \u00e9mergente et nous montre ce que l&rsquo;attrait ou le rejet de cet univers r\u00e9v\u00e8le sur nous-m\u00eames.<\/p>\n","protected":false},"excerpt":{"rendered":"<p>Michael Stora &amp; Blandine de Dinechin Broch\u00e9: 215 pages \u00c9diteur\u00a0: Presses de la Renaissance (3 novembre 2005) Langue\u00a0: Fran\u00e7ais ISBN-10: 2750900123 ISBN-13: 978-2750900120 Dimensions du produit: 19,4 x 13,2 x 2,2 cm R\u00e9sum\u00e9 : Pionnier dans l&rsquo;usage du virtuel en th\u00e9rapie, Michael Stora, psychologue clinicien et psychanalyste, re\u00e7oit des adolescents et des adultes accros au&hellip; <\/p>\n<p class=\"toivo-read-more\"><a href=\"https:\/\/artherapievirtus.org\/virtuel\/2014\/09\/guerir-par-le-virtuel-une-nouvelle-approche-therapeutique-par-michael-stora\/\" class=\"more-link\">Lire la suite <span class=\"screen-reader-text\">Gu\u00e9rir par le virtuel : Une nouvelle approche th\u00e9rapeutique par Michael Stora<\/span><\/a><\/p>\n","protected":false},"author":2,"featured_media":0,"comment_status":"open","ping_status":"open","sticky":false,"template":"","format":"standard","meta":{"jetpack_post_was_ever_published":false,"_jetpack_newsletter_access":"","_jetpack_dont_email_post_to_subs":false,"_jetpack_newsletter_tier_id":0,"footnotes":"","jetpack_publicize_message":"","jetpack_publicize_feature_enabled":true,"jetpack_social_post_already_shared":true,"jetpack_social_options":{"image_generator_settings":{"template":"highway","enabled":false}}},"categories":[23],"tags":[32],"jetpack_publicize_connections":[],"yoast_head":"<!-- This site is optimized with the Yoast SEO plugin v22.1 - https:\/\/yoast.com\/wordpress\/plugins\/seo\/ -->\n<title>Gu\u00e9rir par le virtuel : Une nouvelle approche th\u00e9rapeutique par Michael Stora  - Virtuel<\/title>\n<meta name=\"robots\" content=\"index, follow, max-snippet:-1, max-image-preview:large, max-video-preview:-1\" \/>\n<link rel=\"canonical\" href=\"https:\/\/artherapievirtus.org\/virtuel\/2014\/09\/guerir-par-le-virtuel-une-nouvelle-approche-therapeutique-par-michael-stora\/\" \/>\n<meta property=\"og:locale\" content=\"fr_FR\" \/>\n<meta property=\"og:type\" content=\"article\" \/>\n<meta property=\"og:title\" content=\"Gu\u00e9rir par le virtuel : Une nouvelle approche th\u00e9rapeutique par Michael Stora  - Virtuel\" \/>\n<meta property=\"og:description\" content=\"Michael Stora &amp; Blandine de Dinechin Broch\u00e9: 215 pages \u00c9diteur\u00a0: Presses de la Renaissance (3 novembre 2005) Langue\u00a0: Fran\u00e7ais ISBN-10: 2750900123 ISBN-13: 978-2750900120 Dimensions du produit: 19,4 x 13,2 x 2,2 cm R\u00e9sum\u00e9 : Pionnier dans l&rsquo;usage du virtuel en th\u00e9rapie, Michael Stora, psychologue clinicien et psychanalyste, re\u00e7oit des adolescents et des adultes accros au&hellip; Lire la suite Gu\u00e9rir par le virtuel : Une nouvelle approche th\u00e9rapeutique par Michael Stora\" \/>\n<meta property=\"og:url\" content=\"https:\/\/artherapievirtus.org\/virtuel\/2014\/09\/guerir-par-le-virtuel-une-nouvelle-approche-therapeutique-par-michael-stora\/\" \/>\n<meta property=\"og:site_name\" content=\"Virtuel\" \/>\n<meta property=\"article:publisher\" content=\"https:\/\/www.facebook.com\/art.therapie.virtus\/\" \/>\n<meta property=\"article:published_time\" content=\"2014-09-14T13:15:44+00:00\" \/>\n<meta property=\"og:image\" content=\"http:\/\/artherapievirtus.org\/virtuel\/wp-content\/uploads\/2014\/09\/Gue\u0301rir-par-le-virtuel-200x300.gif\" \/>\n<meta name=\"author\" content=\"Emmanuelle Cesari\" \/>\n<meta name=\"twitter:card\" content=\"summary_large_image\" \/>\n<meta name=\"twitter:creator\" content=\"@artherapie75\" \/>\n<meta name=\"twitter:site\" content=\"@artherapie75\" \/>\n<meta name=\"twitter:label1\" content=\"\u00c9crit par\" \/>\n\t<meta name=\"twitter:data1\" content=\"Emmanuelle Cesari\" \/>\n\t<meta name=\"twitter:label2\" content=\"Dur\u00e9e de lecture estim\u00e9e\" \/>\n\t<meta name=\"twitter:data2\" content=\"1 minute\" \/>\n<script type=\"application\/ld+json\" class=\"yoast-schema-graph\">{\"@context\":\"https:\/\/schema.org\",\"@graph\":[{\"@type\":\"Article\",\"@id\":\"https:\/\/artherapievirtus.org\/virtuel\/2014\/09\/guerir-par-le-virtuel-une-nouvelle-approche-therapeutique-par-michael-stora\/#article\",\"isPartOf\":{\"@id\":\"https:\/\/artherapievirtus.org\/virtuel\/2014\/09\/guerir-par-le-virtuel-une-nouvelle-approche-therapeutique-par-michael-stora\/\"},\"author\":{\"name\":\"Emmanuelle Cesari\",\"@id\":\"https:\/\/artherapievirtus.org\/virtuel\/#\/schema\/person\/a47e5e88bbd1ab98657eedf4f951a39f\"},\"headline\":\"Gu\u00e9rir par le virtuel : Une nouvelle approche th\u00e9rapeutique par Michael Stora\",\"datePublished\":\"2014-09-14T13:15:44+00:00\",\"dateModified\":\"2014-09-14T13:15:44+00:00\",\"mainEntityOfPage\":{\"@id\":\"https:\/\/artherapievirtus.org\/virtuel\/2014\/09\/guerir-par-le-virtuel-une-nouvelle-approche-therapeutique-par-michael-stora\/\"},\"wordCount\":212,\"commentCount\":0,\"publisher\":{\"@id\":\"https:\/\/artherapievirtus.org\/virtuel\/#organization\"},\"keywords\":[\"M. Stora\"],\"articleSection\":[\"Livre\"],\"inLanguage\":\"fr-FR\",\"potentialAction\":[{\"@type\":\"CommentAction\",\"name\":\"Comment\",\"target\":[\"https:\/\/artherapievirtus.org\/virtuel\/2014\/09\/guerir-par-le-virtuel-une-nouvelle-approche-therapeutique-par-michael-stora\/#respond\"]}]},{\"@type\":\"WebPage\",\"@id\":\"https:\/\/artherapievirtus.org\/virtuel\/2014\/09\/guerir-par-le-virtuel-une-nouvelle-approche-therapeutique-par-michael-stora\/\",\"url\":\"https:\/\/artherapievirtus.org\/virtuel\/2014\/09\/guerir-par-le-virtuel-une-nouvelle-approche-therapeutique-par-michael-stora\/\",\"name\":\"Gu\u00e9rir par le virtuel : Une nouvelle approche th\u00e9rapeutique par Michael Stora - Virtuel\",\"isPartOf\":{\"@id\":\"https:\/\/artherapievirtus.org\/virtuel\/#website\"},\"datePublished\":\"2014-09-14T13:15:44+00:00\",\"dateModified\":\"2014-09-14T13:15:44+00:00\",\"breadcrumb\":{\"@id\":\"https:\/\/artherapievirtus.org\/virtuel\/2014\/09\/guerir-par-le-virtuel-une-nouvelle-approche-therapeutique-par-michael-stora\/#breadcrumb\"},\"inLanguage\":\"fr-FR\",\"potentialAction\":[{\"@type\":\"ReadAction\",\"target\":[\"https:\/\/artherapievirtus.org\/virtuel\/2014\/09\/guerir-par-le-virtuel-une-nouvelle-approche-therapeutique-par-michael-stora\/\"]}]},{\"@type\":\"BreadcrumbList\",\"@id\":\"https:\/\/artherapievirtus.org\/virtuel\/2014\/09\/guerir-par-le-virtuel-une-nouvelle-approche-therapeutique-par-michael-stora\/#breadcrumb\",\"itemListElement\":[{\"@type\":\"ListItem\",\"position\":1,\"name\":\"Accueil\",\"item\":\"https:\/\/artherapievirtus.org\/virtuel\/\"},{\"@type\":\"ListItem\",\"position\":2,\"name\":\"Gu\u00e9rir par le virtuel : Une nouvelle approche th\u00e9rapeutique par Michael Stora\"}]},{\"@type\":\"WebSite\",\"@id\":\"https:\/\/artherapievirtus.org\/virtuel\/#website\",\"url\":\"https:\/\/artherapievirtus.org\/virtuel\/\",\"name\":\"Virtuel\",\"description\":\"Les nouvelles technologies et de la r\u00e9alit\u00e9 virtuelle en th\u00e9rapie\",\"publisher\":{\"@id\":\"https:\/\/artherapievirtus.org\/virtuel\/#organization\"},\"potentialAction\":[{\"@type\":\"SearchAction\",\"target\":{\"@type\":\"EntryPoint\",\"urlTemplate\":\"https:\/\/artherapievirtus.org\/virtuel\/?s={search_term_string}\"},\"query-input\":\"required name=search_term_string\"}],\"inLanguage\":\"fr-FR\"},{\"@type\":\"Organization\",\"@id\":\"https:\/\/artherapievirtus.org\/virtuel\/#organization\",\"name\":\"Art-Th\u00e9rapie Virtus\",\"url\":\"https:\/\/artherapievirtus.org\/virtuel\/\",\"logo\":{\"@type\":\"ImageObject\",\"inLanguage\":\"fr-FR\",\"@id\":\"https:\/\/artherapievirtus.org\/virtuel\/#\/schema\/logo\/image\/\",\"url\":\"https:\/\/artherapievirtus.org\/virtuel\/wp-content\/uploads\/2016\/05\/Logo-art-therapie-virtus-carre\u0301.jpg\",\"contentUrl\":\"https:\/\/artherapievirtus.org\/virtuel\/wp-content\/uploads\/2016\/05\/Logo-art-therapie-virtus-carre\u0301.jpg\",\"width\":1881,\"height\":1890,\"caption\":\"Art-Th\u00e9rapie Virtus\"},\"image\":{\"@id\":\"https:\/\/artherapievirtus.org\/virtuel\/#\/schema\/logo\/image\/\"},\"sameAs\":[\"https:\/\/www.facebook.com\/art.therapie.virtus\/\",\"https:\/\/twitter.com\/artherapie75\",\"https:\/\/www.linkedin.com\/company\/art-therapie-virtus\"]},{\"@type\":\"Person\",\"@id\":\"https:\/\/artherapievirtus.org\/virtuel\/#\/schema\/person\/a47e5e88bbd1ab98657eedf4f951a39f\",\"name\":\"Emmanuelle Cesari\",\"image\":{\"@type\":\"ImageObject\",\"inLanguage\":\"fr-FR\",\"@id\":\"https:\/\/artherapievirtus.org\/virtuel\/#\/schema\/person\/image\/\",\"url\":\"https:\/\/secure.gravatar.com\/avatar\/8d71b71249254a02a8148600f1a6ac71?s=96&r=g\",\"contentUrl\":\"https:\/\/secure.gravatar.com\/avatar\/8d71b71249254a02a8148600f1a6ac71?s=96&r=g\",\"caption\":\"Emmanuelle Cesari\"},\"description\":\"Master 2 Art-Th\u00e9rapie \u2013 PRES Sorbonne Cit\u00e9 \u2013\u00a0option arts plastiques\",\"url\":\"https:\/\/artherapievirtus.org\/virtuel\/author\/emmanuelle-cesari\/\"}]}<\/script>\n<!-- \/ Yoast SEO plugin. -->","yoast_head_json":{"title":"Gu\u00e9rir par le virtuel : Une nouvelle approche th\u00e9rapeutique par Michael Stora  - Virtuel","robots":{"index":"index","follow":"follow","max-snippet":"max-snippet:-1","max-image-preview":"max-image-preview:large","max-video-preview":"max-video-preview:-1"},"canonical":"https:\/\/artherapievirtus.org\/virtuel\/2014\/09\/guerir-par-le-virtuel-une-nouvelle-approche-therapeutique-par-michael-stora\/","og_locale":"fr_FR","og_type":"article","og_title":"Gu\u00e9rir par le virtuel : Une nouvelle approche th\u00e9rapeutique par Michael Stora  - Virtuel","og_description":"Michael Stora &amp; Blandine de Dinechin Broch\u00e9: 215 pages \u00c9diteur\u00a0: Presses de la Renaissance (3 novembre 2005) Langue\u00a0: Fran\u00e7ais ISBN-10: 2750900123 ISBN-13: 978-2750900120 Dimensions du produit: 19,4 x 13,2 x 2,2 cm R\u00e9sum\u00e9 : Pionnier dans l&rsquo;usage du virtuel en th\u00e9rapie, Michael Stora, psychologue clinicien et psychanalyste, re\u00e7oit des adolescents et des adultes accros au&hellip; Lire la suite Gu\u00e9rir par le virtuel : Une nouvelle approche th\u00e9rapeutique par Michael Stora","og_url":"https:\/\/artherapievirtus.org\/virtuel\/2014\/09\/guerir-par-le-virtuel-une-nouvelle-approche-therapeutique-par-michael-stora\/","og_site_name":"Virtuel","article_publisher":"https:\/\/www.facebook.com\/art.therapie.virtus\/","article_published_time":"2014-09-14T13:15:44+00:00","og_image":[{"url":"http:\/\/artherapievirtus.org\/virtuel\/wp-content\/uploads\/2014\/09\/Gue\u0301rir-par-le-virtuel-200x300.gif"}],"author":"Emmanuelle Cesari","twitter_card":"summary_large_image","twitter_creator":"@artherapie75","twitter_site":"@artherapie75","twitter_misc":{"\u00c9crit par":"Emmanuelle Cesari","Dur\u00e9e de lecture estim\u00e9e":"1 minute"},"schema":{"@context":"https:\/\/schema.org","@graph":[{"@type":"Article","@id":"https:\/\/artherapievirtus.org\/virtuel\/2014\/09\/guerir-par-le-virtuel-une-nouvelle-approche-therapeutique-par-michael-stora\/#article","isPartOf":{"@id":"https:\/\/artherapievirtus.org\/virtuel\/2014\/09\/guerir-par-le-virtuel-une-nouvelle-approche-therapeutique-par-michael-stora\/"},"author":{"name":"Emmanuelle Cesari","@id":"https:\/\/artherapievirtus.org\/virtuel\/#\/schema\/person\/a47e5e88bbd1ab98657eedf4f951a39f"},"headline":"Gu\u00e9rir par le virtuel : Une nouvelle approche th\u00e9rapeutique par Michael Stora","datePublished":"2014-09-14T13:15:44+00:00","dateModified":"2014-09-14T13:15:44+00:00","mainEntityOfPage":{"@id":"https:\/\/artherapievirtus.org\/virtuel\/2014\/09\/guerir-par-le-virtuel-une-nouvelle-approche-therapeutique-par-michael-stora\/"},"wordCount":212,"commentCount":0,"publisher":{"@id":"https:\/\/artherapievirtus.org\/virtuel\/#organization"},"keywords":["M. Stora"],"articleSection":["Livre"],"inLanguage":"fr-FR","potentialAction":[{"@type":"CommentAction","name":"Comment","target":["https:\/\/artherapievirtus.org\/virtuel\/2014\/09\/guerir-par-le-virtuel-une-nouvelle-approche-therapeutique-par-michael-stora\/#respond"]}]},{"@type":"WebPage","@id":"https:\/\/artherapievirtus.org\/virtuel\/2014\/09\/guerir-par-le-virtuel-une-nouvelle-approche-therapeutique-par-michael-stora\/","url":"https:\/\/artherapievirtus.org\/virtuel\/2014\/09\/guerir-par-le-virtuel-une-nouvelle-approche-therapeutique-par-michael-stora\/","name":"Gu\u00e9rir par le virtuel : Une nouvelle approche th\u00e9rapeutique par Michael Stora - Virtuel","isPartOf":{"@id":"https:\/\/artherapievirtus.org\/virtuel\/#website"},"datePublished":"2014-09-14T13:15:44+00:00","dateModified":"2014-09-14T13:15:44+00:00","breadcrumb":{"@id":"https:\/\/artherapievirtus.org\/virtuel\/2014\/09\/guerir-par-le-virtuel-une-nouvelle-approche-therapeutique-par-michael-stora\/#breadcrumb"},"inLanguage":"fr-FR","potentialAction":[{"@type":"ReadAction","target":["https:\/\/artherapievirtus.org\/virtuel\/2014\/09\/guerir-par-le-virtuel-une-nouvelle-approche-therapeutique-par-michael-stora\/"]}]},{"@type":"BreadcrumbList","@id":"https:\/\/artherapievirtus.org\/virtuel\/2014\/09\/guerir-par-le-virtuel-une-nouvelle-approche-therapeutique-par-michael-stora\/#breadcrumb","itemListElement":[{"@type":"ListItem","position":1,"name":"Accueil","item":"https:\/\/artherapievirtus.org\/virtuel\/"},{"@type":"ListItem","position":2,"name":"Gu\u00e9rir par le virtuel : Une nouvelle approche th\u00e9rapeutique par Michael Stora"}]},{"@type":"WebSite","@id":"https:\/\/artherapievirtus.org\/virtuel\/#website","url":"https:\/\/artherapievirtus.org\/virtuel\/","name":"Virtuel","description":"Les nouvelles technologies et de la r\u00e9alit\u00e9 virtuelle en th\u00e9rapie","publisher":{"@id":"https:\/\/artherapievirtus.org\/virtuel\/#organization"},"potentialAction":[{"@type":"SearchAction","target":{"@type":"EntryPoint","urlTemplate":"https:\/\/artherapievirtus.org\/virtuel\/?s={search_term_string}"},"query-input":"required name=search_term_string"}],"inLanguage":"fr-FR"},{"@type":"Organization","@id":"https:\/\/artherapievirtus.org\/virtuel\/#organization","name":"Art-Th\u00e9rapie Virtus","url":"https:\/\/artherapievirtus.org\/virtuel\/","logo":{"@type":"ImageObject","inLanguage":"fr-FR","@id":"https:\/\/artherapievirtus.org\/virtuel\/#\/schema\/logo\/image\/","url":"https:\/\/artherapievirtus.org\/virtuel\/wp-content\/uploads\/2016\/05\/Logo-art-therapie-virtus-carre\u0301.jpg","contentUrl":"https:\/\/artherapievirtus.org\/virtuel\/wp-content\/uploads\/2016\/05\/Logo-art-therapie-virtus-carre\u0301.jpg","width":1881,"height":1890,"caption":"Art-Th\u00e9rapie Virtus"},"image":{"@id":"https:\/\/artherapievirtus.org\/virtuel\/#\/schema\/logo\/image\/"},"sameAs":["https:\/\/www.facebook.com\/art.therapie.virtus\/","https:\/\/twitter.com\/artherapie75","https:\/\/www.linkedin.com\/company\/art-therapie-virtus"]},{"@type":"Person","@id":"https:\/\/artherapievirtus.org\/virtuel\/#\/schema\/person\/a47e5e88bbd1ab98657eedf4f951a39f","name":"Emmanuelle Cesari","image":{"@type":"ImageObject","inLanguage":"fr-FR","@id":"https:\/\/artherapievirtus.org\/virtuel\/#\/schema\/person\/image\/","url":"https:\/\/secure.gravatar.com\/avatar\/8d71b71249254a02a8148600f1a6ac71?s=96&r=g","contentUrl":"https:\/\/secure.gravatar.com\/avatar\/8d71b71249254a02a8148600f1a6ac71?s=96&r=g","caption":"Emmanuelle Cesari"},"description":"Master 2 Art-Th\u00e9rapie \u2013 PRES Sorbonne Cit\u00e9 \u2013\u00a0option arts plastiques","url":"https:\/\/artherapievirtus.org\/virtuel\/author\/emmanuelle-cesari\/"}]}},"jetpack_featured_media_url":"","jetpack_sharing_enabled":true,"jetpack_shortlink":"https:\/\/wp.me\/p45zDa-2w","jetpack_likes_enabled":true,"_links":{"self":[{"href":"https:\/\/artherapievirtus.org\/virtuel\/wp-json\/wp\/v2\/posts\/156"}],"collection":[{"href":"https:\/\/artherapievirtus.org\/virtuel\/wp-json\/wp\/v2\/posts"}],"about":[{"href":"https:\/\/artherapievirtus.org\/virtuel\/wp-json\/wp\/v2\/types\/post"}],"author":[{"embeddable":true,"href":"https:\/\/artherapievirtus.org\/virtuel\/wp-json\/wp\/v2\/users\/2"}],"replies":[{"embeddable":true,"href":"https:\/\/artherapievirtus.org\/virtuel\/wp-json\/wp\/v2\/comments?post=156"}],"version-history":[{"count":1,"href":"https:\/\/artherapievirtus.org\/virtuel\/wp-json\/wp\/v2\/posts\/156\/revisions"}],"predecessor-version":[{"id":158,"href":"https:\/\/artherapievirtus.org\/virtuel\/wp-json\/wp\/v2\/posts\/156\/revisions\/158"}],"wp:attachment":[{"href":"https:\/\/artherapievirtus.org\/virtuel\/wp-json\/wp\/v2\/media?parent=156"}],"wp:term":[{"taxonomy":"category","embeddable":true,"href":"https:\/\/artherapievirtus.org\/virtuel\/wp-json\/wp\/v2\/categories?post=156"},{"taxonomy":"post_tag","embeddable":true,"href":"https:\/\/artherapievirtus.org\/virtuel\/wp-json\/wp\/v2\/tags?post=156"}],"curies":[{"name":"wp","href":"https:\/\/api.w.org\/{rel}","templated":true}]}}