{"id":350,"date":"2012-08-08T14:27:00","date_gmt":"2012-08-08T12:27:00","guid":{"rendered":"http:\/\/artherapievirtus.org\/RAIVVI\/aspects-cognitifs-et-comportementaux-de-lincapacite-dans-la-lombalgie-chronique\/"},"modified":"2012-08-08T14:27:00","modified_gmt":"2012-08-08T12:27:00","slug":"aspects-cognitifs-et-comportementaux-de-lincapacite-dans-la-lombalgie-chronique","status":"publish","type":"post","link":"https:\/\/artherapievirtus.org\/RAIVVI\/aspects-cognitifs-et-comportementaux-de-lincapacite-dans-la-lombalgie-chronique\/","title":{"rendered":"Aspects cognitifs et comportementaux de l&rsquo;incapacit\u00e9 dans la lombalgie chronique"},"content":{"rendered":"<div><a href=\"http:\/\/cat.inist.fr\/?aModele=afficheN&#038;cpsidt=21346861\" target=\"_blank\"><img loading=\"lazy\" decoding=\"async\" border=\"0\" height=\"43\" src=\"https:\/\/i0.wp.com\/2.bp.blogspot.com\/-KptEg6rJVVM\/UCJo2HhW-lI\/AAAAAAAAChw\/I0EEJR163Ns\/s320\/Logo+Refdoc.fr.jpg?resize=320%2C43\" width=\"320\"  data-recalc-dims=\"1\"><\/a><\/div>\n<p>Aspects cognitifs et comportementaux de l&rsquo;incapacit\u00e9 dans la lombalgie chronique\u00a0=\u00a0Cognitive and behavioural aspects of disability in patients with chronic low back pain. <\/p>\n<h3>Auteur(s) \/ Author(s)<\/h3>\n<p><span><a href=\"http:\/\/www.refdoc.fr\/?traduire=en&#038;FormRechercher=submit&#038;FormRechercher_Txt_Recherche_name_attr=auteursNom:%20(MOREL-FATIO)\">MOREL-FATIO\u00a0M.<\/a><\/span><span>\u00a0<\/span><span>;<\/span><\/p>\n<h3>R\u00e9sum\u00e9 \/ Abstract<\/h3>\n<div>\u2026\/\u2026<\/div>\n<div>\n<div><span><span>\u00a0<\/span><span>Sachant que dans cette pathologie, l&rsquo;essentiel des manifestations morbides se limite \u00e0 la plainte douloureuse et \u00e0 des limitations de mobilit\u00e9 sans sp\u00e9cificit\u00e9 l\u00e9sionnelle, la th\u00e9rapeutique ne peut plus se centrer sur le traitement de la douleur lombaire ou de sa cause, mais sur ses cons\u00e9quences fonctionnelles. Comment ce changement de paradigme a \u00e9t\u00e9 int\u00e9gr\u00e9 par les r\u00e9\u00e9ducateurs dans un domaine encore largement domin\u00e9 par une vision m\u00e9caniste. En pratique, la sp\u00e9cificit\u00e9 th\u00e9rapeutique n\u00e9cessite pour ce groupe de patients douloureux une vision non plus bas\u00e9e sur une approche exclusivement m\u00e9caniste, mais sur une approche int\u00e9grant la connaissance des processus de l&rsquo;incapacit\u00e9 qui associent : <\/span><span>erreur d&rsquo;interpr\u00e9tation des sensations corporelles, hypervigilance, processus de d\u00e9conditionnement, peur relative \u00e0 la douleur, \u00e9vitement.<\/span><span> Ces \u00e9l\u00e9ments apparaissent comme \u00e9tant les donn\u00e9es essentielles de l&rsquo;\u00e9volution vers la douleur persistante et le handicap pour un certain nombre de patients.<\/span><\/span><\/div>\n<p><span><\/span><\/p>\n<h3><span>Revue \/ Journal Title<\/span><\/h3>\n<p><span><a href=\"http:\/\/www.refdoc.fr\/?traduire=en&#038;FormRechercher=submit&#038;FormRechercher_Txt_Recherche_name_attr=listeTitreSerie:%20(La%20Lettre%20de%20m%C3%A9decine%20physique%20et%20de%20r%C3%A9adaptation)\">La Lettre de m\u00e9decine physique et de r\u00e9adaptation<\/a>\u00a0\u00a0 \u00a0<b>ISSN<\/b>\u00a0\u00a0<a href=\"http:\/\/www.refdoc.fr\/?traduire=en&#038;FormRechercher=submit&#038;FormRechercher_Txt_Recherche_name_attr=identifiantsDoc:%20(1778-4298)\">1778-4298<\/a>\u00a0<\/span><\/p>\n<h3><span>Source \/ Source<\/span><\/h3>\n<p><span>2007,\u00a0vol.\u00a023,\u00a0n<sup>o<\/sup>4,\u00a0pp.\u00a0186-194\u00a0[9 page(s) (article)]<\/p>\n<h3>Langue \/ Language<\/h3>\n<p>Fran\u00e7ais<\/p>\n<h3>Editeur \/ Publisher<\/h3>\n<p>Springer, Drancy, FRANCE\u00a0 (2006) (Revue)<\/span>\n<\/div>\n<div><span>Pour lire le billet, cliquez sur le logo Refdoc.fr<\/span><\/div>\n","protected":false},"excerpt":{"rendered":"<p>Aspects cognitifs et comportementaux de l&rsquo;incapacit\u00e9 dans la lombalgie chronique\u00a0=\u00a0Cognitive and behavioural aspects of disability in patients with chronic low back pain. Auteur(s) \/ Author(s) MOREL-FATIO\u00a0M.\u00a0; R\u00e9sum\u00e9 \/ Abstract \u2026\/\u2026 \u00a0Sachant que dans cette pathologie, l&rsquo;essentiel des manifestations morbides se limite \u00e0 la plainte douloureuse et \u00e0 des limitations de mobilit\u00e9 sans sp\u00e9cificit\u00e9 l\u00e9sionnelle, la&hellip; <\/p>\n<p class=\"toivo-read-more\"><a href=\"https:\/\/artherapievirtus.org\/RAIVVI\/aspects-cognitifs-et-comportementaux-de-lincapacite-dans-la-lombalgie-chronique\/\" class=\"more-link\">Lire la suite <span class=\"screen-reader-text\">Aspects cognitifs et comportementaux de l&rsquo;incapacit\u00e9 dans la lombalgie chronique<\/span><\/a><\/p>\n","protected":false},"author":3,"featured_media":0,"comment_status":"open","ping_status":"open","sticky":false,"template":"","format":"standard","meta":{"jetpack_post_was_ever_published":false,"_jetpack_newsletter_access":"","_jetpack_dont_email_post_to_subs":false,"_jetpack_newsletter_tier_id":0,"_jetpack_memberships_contains_paywalled_content":false,"_jetpack_memberships_contains_paid_content":false,"footnotes":""},"categories":[128,129],"tags":[],"jetpack_featured_media_url":"","jetpack_sharing_enabled":true,"jetpack_likes_enabled":true,"_links":{"self":[{"href":"https:\/\/artherapievirtus.org\/RAIVVI\/wp-json\/wp\/v2\/posts\/350"}],"collection":[{"href":"https:\/\/artherapievirtus.org\/RAIVVI\/wp-json\/wp\/v2\/posts"}],"about":[{"href":"https:\/\/artherapievirtus.org\/RAIVVI\/wp-json\/wp\/v2\/types\/post"}],"author":[{"embeddable":true,"href":"https:\/\/artherapievirtus.org\/RAIVVI\/wp-json\/wp\/v2\/users\/3"}],"replies":[{"embeddable":true,"href":"https:\/\/artherapievirtus.org\/RAIVVI\/wp-json\/wp\/v2\/comments?post=350"}],"version-history":[{"count":0,"href":"https:\/\/artherapievirtus.org\/RAIVVI\/wp-json\/wp\/v2\/posts\/350\/revisions"}],"wp:attachment":[{"href":"https:\/\/artherapievirtus.org\/RAIVVI\/wp-json\/wp\/v2\/media?parent=350"}],"wp:term":[{"taxonomy":"category","embeddable":true,"href":"https:\/\/artherapievirtus.org\/RAIVVI\/wp-json\/wp\/v2\/categories?post=350"},{"taxonomy":"post_tag","embeddable":true,"href":"https:\/\/artherapievirtus.org\/RAIVVI\/wp-json\/wp\/v2\/tags?post=350"}],"curies":[{"name":"wp","href":"https:\/\/api.w.org\/{rel}","templated":true}]}}