{"id":349,"date":"2012-08-08T18:07:00","date_gmt":"2012-08-08T16:07:00","guid":{"rendered":"http:\/\/artherapievirtus.org\/RAIVVI\/lhyper-vigilance-par-rememoration-de-linimaginable\/"},"modified":"2012-08-08T18:07:00","modified_gmt":"2012-08-08T16:07:00","slug":"lhyper-vigilance-par-rememoration-de-linimaginable","status":"publish","type":"post","link":"https:\/\/artherapievirtus.org\/RAIVVI\/lhyper-vigilance-par-rememoration-de-linimaginable\/","title":{"rendered":"L&rsquo;hyper-vigilance par Rem\u00e9moration de l&rsquo;inimaginable"},"content":{"rendered":"<div><a href=\"http:\/\/rememoration.perso.sfr.fr\/tc_re17212.html\" target=\"_blank\"><img loading=\"lazy\" decoding=\"async\" border=\"0\" height=\"178\" src=\"http:\/\/4.bp.blogspot.com\/-zxSehqj_T8I\/UCKbjIVgH-I\/AAAAAAAACiU\/ZPMTLK0KmzY\/s200\/Logo+remmoration+de+l'inimaginable.jpg\" width=\"200\"><\/a><\/div>\n<p><b>Rem\u00e9moration de l&rsquo;inimaginable<\/b><\/p>\n<div>Corps biographique et temporalit\u00e9 de la rem\u00e9moration d&rsquo;un \u00e9v\u00e9nement traumatique pr\u00e9coce.<\/div>\n<div>L\u2018hyper-vigilance est la sensation d\u2019\u00eatre aux aguets en permanence et de percevoir au-del\u00e0 des sens, les sons, les mouvements inhabituels, les go\u00fbts impropres\u2026<\/div>\n<div>Cet \u00e9tat de conscience va jusqu\u2019\u00e0 percevoir les humeurs, les tensions. J\u2019observe, je ressens\u2026 et contre toute attente, je m\u2019adapte.\u00a0<\/div>\n<div>Enfin presque, je redoute l\u2019agressivit\u00e9 et les joutes verbales qui me figent sur place ou me font prendre la fuite. En pareille situation, je manque de r\u00e9partie. Je suis incapable \u00e0 moins d\u2019avoir eu le temps de me pr\u00e9parer \u00e0 la relation et au conflit de me positionner pour r\u00e9pondre. Les intentions malveillantes qui s\u2019expriment, me d\u00e9connectent du monde. Comme si ce comportement \u00e9tait le seul que je connaisse pour me d\u00e9fendre. Ne plus bouger, ne plus respirer, ne plus \u00eatre la proie du pr\u00e9dateur qui approche.<\/div>\n<div><span><b>Pour l&rsquo;acc\u00e8s au site, cliquez sur le dessin<\/b><\/span><\/div>\n","protected":false},"excerpt":{"rendered":"<p>Rem\u00e9moration de l&rsquo;inimaginable Corps biographique et temporalit\u00e9 de la rem\u00e9moration d&rsquo;un \u00e9v\u00e9nement traumatique pr\u00e9coce. L\u2018hyper-vigilance est la sensation d\u2019\u00eatre aux aguets en permanence et de percevoir au-del\u00e0 des sens, les sons, les mouvements inhabituels, les go\u00fbts impropres\u2026 Cet \u00e9tat de conscience va jusqu\u2019\u00e0 percevoir les humeurs, les tensions. J\u2019observe, je ressens\u2026 et contre toute attente,&hellip; <\/p>\n<p class=\"toivo-read-more\"><a href=\"https:\/\/artherapievirtus.org\/RAIVVI\/lhyper-vigilance-par-rememoration-de-linimaginable\/\" class=\"more-link\">Lire la suite <span class=\"screen-reader-text\">L&rsquo;hyper-vigilance par Rem\u00e9moration de l&rsquo;inimaginable<\/span><\/a><\/p>\n","protected":false},"author":3,"featured_media":0,"comment_status":"open","ping_status":"open","sticky":false,"template":"","format":"standard","meta":{"jetpack_post_was_ever_published":false,"_jetpack_newsletter_access":"","_jetpack_dont_email_post_to_subs":false,"_jetpack_newsletter_tier_id":0,"_jetpack_memberships_contains_paywalled_content":false,"_jetpack_memberships_contains_paid_content":false,"footnotes":""},"categories":[128],"tags":[],"jetpack_featured_media_url":"","jetpack_sharing_enabled":true,"jetpack_likes_enabled":true,"_links":{"self":[{"href":"https:\/\/artherapievirtus.org\/RAIVVI\/wp-json\/wp\/v2\/posts\/349"}],"collection":[{"href":"https:\/\/artherapievirtus.org\/RAIVVI\/wp-json\/wp\/v2\/posts"}],"about":[{"href":"https:\/\/artherapievirtus.org\/RAIVVI\/wp-json\/wp\/v2\/types\/post"}],"author":[{"embeddable":true,"href":"https:\/\/artherapievirtus.org\/RAIVVI\/wp-json\/wp\/v2\/users\/3"}],"replies":[{"embeddable":true,"href":"https:\/\/artherapievirtus.org\/RAIVVI\/wp-json\/wp\/v2\/comments?post=349"}],"version-history":[{"count":0,"href":"https:\/\/artherapievirtus.org\/RAIVVI\/wp-json\/wp\/v2\/posts\/349\/revisions"}],"wp:attachment":[{"href":"https:\/\/artherapievirtus.org\/RAIVVI\/wp-json\/wp\/v2\/media?parent=349"}],"wp:term":[{"taxonomy":"category","embeddable":true,"href":"https:\/\/artherapievirtus.org\/RAIVVI\/wp-json\/wp\/v2\/categories?post=349"},{"taxonomy":"post_tag","embeddable":true,"href":"https:\/\/artherapievirtus.org\/RAIVVI\/wp-json\/wp\/v2\/tags?post=349"}],"curies":[{"name":"wp","href":"https:\/\/api.w.org\/{rel}","templated":true}]}}