{"id":14,"name":"BD","url":"","description":"Viol\u00e9e par mon p\u00e8re qui s'est suicid\u00e9 en H\u00f4pital psychiatrique quand j'avais douze ans, j'ai \u00e9t\u00e9 plac\u00e9e et prostitu\u00e9e. Je suis dissoci\u00e9e.\r\nB\u00e9n\u00e9vole de de l'association Art-Th\u00e9rapie Virtus","link":"https:\/\/artherapievirtus.org\/R-A-I-V-I\/index.php\/author\/beatrice-d\/","slug":"beatrice-d","avatar_urls":{"24":"https:\/\/secure.gravatar.com\/avatar\/b9743149e7b5d526012564a38efaa340?s=24&d=mm&r=g","48":"https:\/\/secure.gravatar.com\/avatar\/b9743149e7b5d526012564a38efaa340?s=48&d=mm&r=g","96":"https:\/\/secure.gravatar.com\/avatar\/b9743149e7b5d526012564a38efaa340?s=96&d=mm&r=g"},"meta":[],"_links":{"self":[{"href":"https:\/\/artherapievirtus.org\/R-A-I-V-I\/index.php\/wp-json\/wp\/v2\/users\/14"}],"collection":[{"href":"https:\/\/artherapievirtus.org\/R-A-I-V-I\/index.php\/wp-json\/wp\/v2\/users"}]}}