{"id":3938,"date":"2017-11-18T20:35:23","date_gmt":"2017-11-18T19:35:23","guid":{"rendered":"http:\/\/artherapievirtus.org\/R-A-I-V-I\/?p=3938"},"modified":"2019-11-15T10:55:28","modified_gmt":"2019-11-15T09:55:28","slug":"bmp-le-cri-de-la-colere","status":"publish","type":"post","link":"https:\/\/artherapievirtus.org\/R-A-I-V-I\/index.php\/2017\/11\/18\/bmp-le-cri-de-la-colere\/","title":{"rendered":"BMP \u2013\u00a0Le cri de la col\u00e8re"},"content":{"rendered":"<p><img loading=\"lazy\" class=\"aligncenter wp-image-3934 size-medium\" src=\"https:\/\/artherapievirtus.org\/R-A-I-V-I\/wp-content\/uploads\/2017\/11\/BMP-\u2013-Le-cri-de-la-col\u00e8re-4-352x500.jpg\" alt=\"\" width=\"352\" height=\"500\" srcset=\"https:\/\/artherapievirtus.org\/R-A-I-V-I\/wp-content\/uploads\/2017\/11\/BMP-\u2013-Le-cri-de-la-col\u00e8re-4-352x500.jpg 352w, https:\/\/artherapievirtus.org\/R-A-I-V-I\/wp-content\/uploads\/2017\/11\/BMP-\u2013-Le-cri-de-la-col\u00e8re-4.jpg 720w\" sizes=\"(max-width: 352px) 100vw, 352px\" \/><br \/>\nJe souhaitais en plus du collage dessiner cette col\u00e8re.<br \/>\nJe commencerais par \u00e9crire qu\u2019on a le droit d\u2019\u00eatre en col\u00e8re, mais tout en restant dans les limites, et tout en respectant les personnes.<br \/>\nPour moi la col\u00e8re c\u2019est une marre de mots qui parfois peuvent d\u00e9passer notre pens\u00e9e.<\/p>\n<blockquote><p>La col\u00e8re est une \u00e9motion simple qui traduit l&rsquo;insatisfaction.<br \/>\nElle est v\u00e9cue \u00e0 l&rsquo;\u00e9gard de ce qu&rsquo;on identifie, \u00e0 tort ou \u00e0 raison, comme \u00e9tant \u00ab\u00a0responsable\u00a0\u00bb de notre frustration.<\/p><\/blockquote>\n<p>Pour ma part, je peux \u00eatre en col\u00e8re et en m\u00eame temps triste. C&rsquo;est ma col\u00e8re qui me rend triste, mais il y a une diff\u00e9rence entre les deux et parfois quand les deux situations se rejoignent, fusionnent, j\u2019oublie que c\u2019est la col\u00e8re qui chez moi provoque la tristesse. Je pense que c\u2019est important de le rappeler :<\/p>\n<blockquote><p>La tristesse, renvoie directement au manque, alors que la col\u00e8re est une r\u00e9action \u00e0 la cause de la frustration.<br \/>\nLa col\u00e8re porte un double message : elle signale \u00e0 la fois l&rsquo;insatisfaction et ce que nous consid\u00e9rons comme \u00ab\u00a0l&rsquo;obstacle\u00a0\u00bb \u00e0 notre bien-\u00eatre. La col\u00e8re, en effet, est toujours v\u00e9cue \u00e0 l&rsquo;\u00e9gard de quelqu&rsquo;un ou de quelque chose.<\/p><\/blockquote>\n<p>Parfois c\u2019est encore difficile pour moi de bien faire la diff\u00e9rence mais faire cette diff\u00e9rence est important. Et je me dis que cela peux \u00e9viter des ennuis.<\/p>\n<blockquote><p>Il y a plusieurs degr\u00e9s concernant la col\u00e8re : cela peut aller du fr\u00e9missement d\u2019agacement \u00e0 la fureur d\u00e9vastatrice, voire \u00e0 la rage qui est incontr\u00f4lable.<\/p><\/blockquote>\n<p>Je me dis que la col\u00e8re nous emp\u00eache d\u2019\u00e9voluer. Elle nous emp\u00eache parfois aussi de nous sentir bien dans notre t\u00eate, et aussi de profiter des moments pr\u00e9sents.<br \/>\nMais j\u2019ai du mal \u00e0 consid\u00e9rer la col\u00e8re comme saine, voire normale, car elle m\u2019effraie.<\/p>\n<h6>Comment avez-vous proc\u00e9d\u00e9 pour la concr\u00e9tisation de votre esquisse ?<\/h6>\n<p>Quand je pense \u00e0 ce mot \u00ab col\u00e8re \u00bb je ne peux pas oublier le mot dissociation, car je me dis que la col\u00e8re peut provoquer chez moi des dissociations et les dissociations me font revivre des situations du pass\u00e9, et r\u00e9activent le sensoriel : odeurs, bruits, paroles.<br \/>\nComme la force de ma col\u00e8re je la per\u00e7ois comme \u00e9tant masculine, j\u2019ai donc traduit cela avec des visages f\u00e9minins pour faire ressortir \u00e0 quel point ma col\u00e8re peut se montrer forte mais aussi pour repr\u00e9senter ce ph\u00e9nom\u00e8ne de dissociation. Les deux situations me posent parfois le souci de bien la canaliser et de la faire sortir cette col\u00e8re, qui est pour moi un v\u00e9ritable tremblement de terre.<br \/>\nJ\u2019ai donc dessin\u00e9 le premier visage, puis j\u2019ai continu\u00e9 avec le deuxi\u00e8me visage mais celui-ci avec le poing ferm\u00e9. Poing ferm\u00e9 pour repr\u00e9senter cette angoisse que je ressens de faire trop sortir mon c\u00f4t\u00e9 violent. Je pense parfois \u00e0 la partie \u00e9motionnelle de B\u00e9a.<br \/>\nQuand j\u2019ai commenc\u00e9 \u00e0 travailler sur cette esquisse, l\u2019id\u00e9e de dessiner le corps \u00e9tait absent en moi. J\u2019ai trop peur des mouvements de violence et de destruction qui peuvent arriver si la col\u00e8re m\u2019emporte. J\u2019ai repens\u00e9 \u00e0 cette camisole que l\u2019on utilise dans les h\u00f4pitaux, soit disant pour votre bien, mais surtout pour que le personnel ait la paix.<br \/>\nPour cr\u00e9er le manteau de mon esquisse, il m\u2019\u00e9tait impossible de mettre de la couleur, car la col\u00e8re, j\u2019ai du mal \u00e0 bien la canaliser et souvent je la rumine. Je tricote avec mon cerveau.<br \/>\nLe jour o\u00f9 je pourrais bien la canaliser sans me sentir fautive, je mettrais de la couleur.<\/p>\n<h6>Mat\u00e9riaux utilis\u00e9s :<\/h6>\n<p>Dessin con\u00e7ue sur feuille de format de 50X70 cm \u00e0 grain fin.<br \/>\nCrayon HB, 2B, 3B,<\/p>\n<h6>Qu\u2019avez-vous ressenti ?<\/h6>\n<p>\u2022 Je me faisais cette r\u00e9flexion que pour moi, \u00e7a reste encore une difficult\u00e9 de faire sortir ma col\u00e8re, mais que j\u2019y arrive un peu mieux.<br \/>\n\u2022 Je pense que j\u2019ai besoin d\u2019un encadrement pour la faire sortir cette col\u00e8re.<br \/>\n\u2022 J\u2019ai remarqu\u00e9 aussi quand ma col\u00e8re se montre forte que je suis incapable de l\u2019exprimer jusqu\u2019au bout, je me dissocie avant. Apr\u00e8s j\u2019oublie.<br \/>\n\u2022 Mais parfois cette col\u00e8re revient et r\u00e9appara\u00eet dans une autre situation.<br \/>\n\u2022 La col\u00e8re est beaucoup remont\u00e9e face \u00e0 mon pass\u00e9, mais je ne suis pas capable de savoir si ce n\u2019est que de la col\u00e8re.<br \/>\n\u2022 Parfois je me dis que ma col\u00e8re repr\u00e9sente la force d\u2019un homme, ce qui explique pourquoi que je dessine souvent des visages d\u2019hommes pour la repr\u00e9senter.<br \/>\n\u2022 Je me fais cette r\u00e9flexion si parfois je n\u2019ai pas encore du mal \u00e0 m\u2019approprier ma propre col\u00e8re.<br \/>\n\u2022 La col\u00e8re des autres personnes me rend petite et m\u2019effraie. Les personnes qui le savent se servent de cela et me manipule avec. C\u2019est le cas de mon ex.<br \/>\n\u2022 J\u2019ai encore du mal \u00e0 regarder ma col\u00e8re sur des situations d\u2019une fa\u00e7on correcte.<br \/>\n\u2022 Je suis persuad\u00e9e, par contre, qu\u2019il y a de la bonne et de la mauvaise col\u00e8re. Le tout c\u2019est de bien arriver \u00e0 faire la diff\u00e9rence.<br \/>\n\u2022 Je me disais que que malgr\u00e9 cette angoisse qui est la devant cette col\u00e8re, je pense que j&rsquo;ai \u00e9volu\u00e9.<br \/>\n\u2022 J&rsquo;ai eux des dissociations, mais c&rsquo;est une habitude.<br \/>\n\u2022 Parfois je ressentais cette impression de me voir en deux, ou d&rsquo;avoir la vue brouill\u00e9e.<\/p>\n<h6>Que ressentez-vous face \u00e0 ce dessin ?<\/h6>\n<p>En regardant mon dessin, je me disais qu\u2019un peu de ma col\u00e8re est dessin\u00e9e, d\u00e9pos\u00e9e, exprim\u00e9e dans ce dessin.<br \/>\nDessiner cette col\u00e8re sans y mettre des mots \u00e9tait plus facile pour moi.<br \/>\nEn regardant ce tableau je ne ressens pas vraiment mon corps, il est absent, mais ma t\u00eate me semble avoir enfl\u00e9e.<\/p>\n\r\n\t<div class=\"slideshow_container slideshow_container_style-light\" style=\"height: 500px; \" data-slideshow-id=\"3933\" data-style-name=\"style-light\" data-style-version=\"2.3.1\" >\r\n\r\n\t\t\t\t\t<div class=\"slideshow_loading_icon\"><\/div>\r\n\t\t\r\n\t\t<div class=\"slideshow_content\" style=\"display: none;\">\r\n\r\n\t\t\t<div class=\"slideshow_view\">\r\n\t\t\t\t<div class=\"slideshow_slide slideshow_slide_image\">\r\n\t\t\t\t\t\t\t\t\t\t\t<img src=\"https:\/\/artherapievirtus.org\/R-A-I-V-I\/wp-content\/uploads\/2017\/11\/BMP-\u2013-Le-cri-de-la-col\u00e8re-1.jpg\" alt=\"BMP \u2013\u00a0Le cri de la col\u00e8re 1\" width=\"721\" height=\"1023\" \/>\r\n\t\t\t\t\t\t\t\t\t\t<div class=\"slideshow_description_box slideshow_transparent\">\r\n\t\t\t\t\t\t<div class=\"slideshow_title\">BMP \u2013\u00a0Le cri de la col\u00e8re 1<\/div>\t\t\t\t\t\t\t\t\t\t\t<\/div>\r\n\t\t\t\t<\/div>\r\n\r\n\t\t\t\t\t\t<div style=\"clear: both;\"><\/div><\/div><div class=\"slideshow_view\">\r\n\t\t\t\t<div class=\"slideshow_slide slideshow_slide_image\">\r\n\t\t\t\t\t\t\t\t\t\t\t<img src=\"https:\/\/artherapievirtus.org\/R-A-I-V-I\/wp-content\/uploads\/2017\/11\/BMP-\u2013-Le-cri-de-la-col\u00e8re-2.jpg\" alt=\"BMP \u2013\u00a0Le cri de la col\u00e8re 2\" width=\"723\" height=\"1024\" \/>\r\n\t\t\t\t\t\t\t\t\t\t<div class=\"slideshow_description_box slideshow_transparent\">\r\n\t\t\t\t\t\t<div class=\"slideshow_title\">BMP \u2013\u00a0Le cri de la col\u00e8re 2<\/div>\t\t\t\t\t\t\t\t\t\t\t<\/div>\r\n\t\t\t\t<\/div>\r\n\r\n\t\t\t\t\t\t<div style=\"clear: both;\"><\/div><\/div><div class=\"slideshow_view\">\r\n\t\t\t\t<div class=\"slideshow_slide slideshow_slide_image\">\r\n\t\t\t\t\t\t\t\t\t\t\t<img src=\"https:\/\/artherapievirtus.org\/R-A-I-V-I\/wp-content\/uploads\/2017\/11\/BMP-\u2013-Le-cri-de-la-col\u00e8re-3.jpg\" alt=\"BMP \u2013\u00a0Le cri de la col\u00e8re 3\" width=\"728\" height=\"1024\" \/>\r\n\t\t\t\t\t\t\t\t\t\t<div class=\"slideshow_description_box slideshow_transparent\">\r\n\t\t\t\t\t\t<div class=\"slideshow_title\">BMP \u2013\u00a0Le cri de la col\u00e8re 3<\/div>\t\t\t\t\t\t\t\t\t\t\t<\/div>\r\n\t\t\t\t<\/div>\r\n\r\n\t\t\t\t\t\t<div style=\"clear: both;\"><\/div><\/div><div class=\"slideshow_view\">\r\n\t\t\t\t<div class=\"slideshow_slide slideshow_slide_image\">\r\n\t\t\t\t\t\t\t\t\t\t\t<img src=\"https:\/\/artherapievirtus.org\/R-A-I-V-I\/wp-content\/uploads\/2017\/11\/BMP-\u2013-Le-cri-de-la-col\u00e8re-4.jpg\" alt=\"BMP \u2013\u00a0Le cri de la col\u00e8re 4\" width=\"720\" height=\"1024\" \/>\r\n\t\t\t\t\t\t\t\t\t\t<div class=\"slideshow_description_box slideshow_transparent\">\r\n\t\t\t\t\t\t<div class=\"slideshow_title\">BMP \u2013\u00a0Le cri de la col\u00e8re 4<\/div>\t\t\t\t\t\t\t\t\t\t\t<\/div>\r\n\t\t\t\t<\/div>\r\n\r\n\t\t\t\t\t\t<div style=\"clear: both;\"><\/div><\/div>\r\n\t\t<\/div>\r\n\r\n\t\t<div class=\"slideshow_controlPanel slideshow_transparent\" style=\"display: none;\"><ul><li class=\"slideshow_togglePlay\" data-play-text=\"Play\" data-pause-text=\"Pause\"><\/li><\/ul><\/div>\r\n\r\n\t\t<div class=\"slideshow_button slideshow_previous slideshow_transparent\" role=\"button\" data-previous-text=\"Pr\u00e9c\u00e9dent\" style=\"display: none;\"><\/div>\r\n\t\t<div class=\"slideshow_button slideshow_next slideshow_transparent\" role=\"button\" data-next-text=\"Suivant\" style=\"display: none;\"><\/div>\r\n\r\n\t\t<div class=\"slideshow_pagination\" style=\"display: none;\" data-go-to-text=\"Go to slide\"><div class=\"slideshow_pagination_center\"><\/div><\/div>\r\n\r\n\t\t<!-- WordPress Slideshow Version 2.3.1 -->\r\n\r\n\t\t\t<\/div>\r\n\r\n\n<div class=\"sharedaddy sd-sharing-enabled\"><div class=\"robots-nocontent sd-block sd-social sd-social-official sd-sharing\"><h3 class=\"sd-title\">Partager\u00a0:<\/h3><div class=\"sd-content\"><ul><li class=\"share-facebook\"><div class=\"fb-share-button\" data-href=\"https:\/\/artherapievirtus.org\/R-A-I-V-I\/index.php\/2017\/11\/18\/bmp-le-cri-de-la-colere\/\" data-layout=\"button_count\"><\/div><\/li><li class=\"share-linkedin\"><div class=\"linkedin_button\"><script type=\"in\/share\" data-url=\"https:\/\/artherapievirtus.org\/R-A-I-V-I\/index.php\/2017\/11\/18\/bmp-le-cri-de-la-colere\/\" data-counter=\"right\"><\/script><\/div><\/li><li class=\"share-twitter\"><a href=\"https:\/\/twitter.com\/share\" class=\"twitter-share-button\" data-url=\"https:\/\/artherapievirtus.org\/R-A-I-V-I\/index.php\/2017\/11\/18\/bmp-le-cri-de-la-colere\/\" data-text=\"BMP \u2013\u00a0Le cri de la col\u00e8re\"  >Tweet<\/a><\/li><li class=\"share-end\"><\/li><\/ul><\/div><\/div><\/div>","protected":false},"excerpt":{"rendered":"<p>Je souhaitais en plus du collage dessiner cette col\u00e8re. Je commencerais par \u00e9crire qu\u2019on a le droit d\u2019\u00eatre en col\u00e8re, mais tout en restant dans les limites, et tout en respectant les personnes. Pour moi la col\u00e8re c\u2019est une marre de mots qui parfois peuvent d\u00e9passer notre pens\u00e9e. La col\u00e8re est une \u00e9motion simple qui&hellip; <\/p>\n<p class=\"toivo-read-more\"><a href=\"https:\/\/artherapievirtus.org\/R-A-I-V-I\/index.php\/2017\/11\/18\/bmp-le-cri-de-la-colere\/\" class=\"more-link\">Lire la suite <span class=\"screen-reader-text\">BMP \u2013\u00a0Le cri de la col\u00e8re<\/span><\/a><\/p>\n<div class=\"sharedaddy sd-sharing-enabled\"><div class=\"robots-nocontent sd-block sd-social sd-social-official sd-sharing\"><h3 class=\"sd-title\">Partager\u00a0:<\/h3><div class=\"sd-content\"><ul><li class=\"share-facebook\"><div class=\"fb-share-button\" data-href=\"https:\/\/artherapievirtus.org\/R-A-I-V-I\/index.php\/2017\/11\/18\/bmp-le-cri-de-la-colere\/\" data-layout=\"button_count\"><\/div><\/li><li class=\"share-linkedin\"><div class=\"linkedin_button\"><script type=\"in\/share\" data-url=\"https:\/\/artherapievirtus.org\/R-A-I-V-I\/index.php\/2017\/11\/18\/bmp-le-cri-de-la-colere\/\" data-counter=\"right\"><\/script><\/div><\/li><li class=\"share-twitter\"><a href=\"https:\/\/twitter.com\/share\" class=\"twitter-share-button\" data-url=\"https:\/\/artherapievirtus.org\/R-A-I-V-I\/index.php\/2017\/11\/18\/bmp-le-cri-de-la-colere\/\" data-text=\"BMP \u2013\u00a0Le cri de la col\u00e8re\"  >Tweet<\/a><\/li><li class=\"share-end\"><\/li><\/ul><\/div><\/div><\/div>","protected":false},"author":14,"featured_media":0,"comment_status":"open","ping_status":"open","sticky":false,"template":"","format":"standard","meta":{"spay_email":"","jetpack_publicize_message":"","jetpack_is_tweetstorm":false},"categories":[253,254,247,9],"tags":[26],"jetpack_featured_media_url":"","jetpack_publicize_connections":[],"jetpack_sharing_enabled":true,"jetpack_shortlink":"https:\/\/wp.me\/p86Owe-11w","jetpack_likes_enabled":true,"_links":{"self":[{"href":"https:\/\/artherapievirtus.org\/R-A-I-V-I\/index.php\/wp-json\/wp\/v2\/posts\/3938"}],"collection":[{"href":"https:\/\/artherapievirtus.org\/R-A-I-V-I\/index.php\/wp-json\/wp\/v2\/posts"}],"about":[{"href":"https:\/\/artherapievirtus.org\/R-A-I-V-I\/index.php\/wp-json\/wp\/v2\/types\/post"}],"author":[{"embeddable":true,"href":"https:\/\/artherapievirtus.org\/R-A-I-V-I\/index.php\/wp-json\/wp\/v2\/users\/14"}],"replies":[{"embeddable":true,"href":"https:\/\/artherapievirtus.org\/R-A-I-V-I\/index.php\/wp-json\/wp\/v2\/comments?post=3938"}],"version-history":[{"count":2,"href":"https:\/\/artherapievirtus.org\/R-A-I-V-I\/index.php\/wp-json\/wp\/v2\/posts\/3938\/revisions"}],"predecessor-version":[{"id":4046,"href":"https:\/\/artherapievirtus.org\/R-A-I-V-I\/index.php\/wp-json\/wp\/v2\/posts\/3938\/revisions\/4046"}],"wp:attachment":[{"href":"https:\/\/artherapievirtus.org\/R-A-I-V-I\/index.php\/wp-json\/wp\/v2\/media?parent=3938"}],"wp:term":[{"taxonomy":"category","embeddable":true,"href":"https:\/\/artherapievirtus.org\/R-A-I-V-I\/index.php\/wp-json\/wp\/v2\/categories?post=3938"},{"taxonomy":"post_tag","embeddable":true,"href":"https:\/\/artherapievirtus.org\/R-A-I-V-I\/index.php\/wp-json\/wp\/v2\/tags?post=3938"}],"curies":[{"name":"wp","href":"https:\/\/api.w.org\/{rel}","templated":true}]}}