{"id":3911,"date":"2017-11-18T18:14:19","date_gmt":"2017-11-18T17:14:19","guid":{"rendered":"http:\/\/artherapievirtus.org\/R-A-I-V-I\/?p=3911"},"modified":"2019-11-15T10:56:20","modified_gmt":"2019-11-15T09:56:20","slug":"bmp-la-colere","status":"publish","type":"post","link":"https:\/\/artherapievirtus.org\/R-A-I-V-I\/index.php\/2017\/11\/18\/bmp-la-colere\/","title":{"rendered":"BMP \u2013 La col\u00e8re"},"content":{"rendered":"<p><img loading=\"lazy\" class=\"aligncenter wp-image-3912 size-large\" src=\"https:\/\/artherapievirtus.org\/R-A-I-V-I\/wp-content\/uploads\/2017\/11\/20171118_173450-768x1024.jpg\" alt=\"\" width=\"768\" height=\"1024\" srcset=\"https:\/\/artherapievirtus.org\/R-A-I-V-I\/wp-content\/uploads\/2017\/11\/20171118_173450-768x1024.jpg 768w, https:\/\/artherapievirtus.org\/R-A-I-V-I\/wp-content\/uploads\/2017\/11\/20171118_173450-225x300.jpg 225w, https:\/\/artherapievirtus.org\/R-A-I-V-I\/wp-content\/uploads\/2017\/11\/20171118_173450-1260x1680.jpg 1260w\" sizes=\"(max-width: 768px) 100vw, 768px\" \/><br \/>\nJ\u2019ai voulu repr\u00e9senter dans ce collage, comment je percevais la col\u00e8re dans ma t\u00eate.<br \/>\nJ\u2019ai commenc\u00e9 par mettre en premier sur ma feuille le visage qui se fond l\u00e9g\u00e8rement dans ma cr\u00e9ation.<br \/>\nJe souhaitais faire un petit rappelle du mot \u00ab\u00a0dissociation\u00a0\u00bb<br \/>\nJe voulais repr\u00e9senter la situation du fait aussi que ma col\u00e8re sort par jets, mon id\u00e9e a \u00e9t\u00e9 de repr\u00e9senter cette situation en haut de ma feuille en collant des fruits qui partent en mouvement dans un jet. Comme des boulets, c&rsquo;est le sens de cette repr\u00e9sentation de fruit, sa forme ronde et l\u00e9g\u00e8rement color\u00e9e en couleur, repr\u00e9sentatif de la densit\u00e9 de la violence.<br \/>\nJ\u2019ai ensuite rajout\u00e9 des piments, une abeille, et un scarab\u00e9e dans la t\u00eate, ceci repr\u00e9sente le c\u00f4t\u00e9 piquant de la col\u00e8re que je ressens dans ma caboche qui fait mal, le c\u00f4t\u00e9 piquant, poison que la personne en face de nous peut aussi ressentir face \u00e0 notre col\u00e8re que l\u2019on peut d\u00e9verser sur elle consciemment ou inconsciemment.<br \/>\nJe voulais rajouter aussi absolument une main, qui pourrait repr\u00e9senter le mot \u00ab\u00a0automutilation\u00a0\u00bb quand on a du mal \u00e0 g\u00e9rer cette col\u00e8re, mais aussi peut-\u00eatre que celle-ci peut aussi repr\u00e9senter le c\u00f4t\u00e9 violent de nos mouvements, le mot brusque me vient en t\u00eate.<br \/>\nEt pour terminer j\u2019ai fini en rajoutant ce corps en boule en bas de ma feuille, qui repr\u00e9sente le fait qu\u2019il m\u2019arrive encore de me mettre en boule pour me faire oublier, soit quand on est en col\u00e8re contre moi, ou alors quand ma col\u00e8re peut se montrer tr\u00e8s forte.<br \/>\nJ\u2019ai aim\u00e9 r\u00e9aliser ce collage, mais aussi \u00eatre participante \u00e0 cet atelier, pour accompagner les personnes \u00e0 qui je proposait ce moment de cr\u00e9ation.<br \/>\nJe suis dans cette optique que d\u2019\u00eatre derri\u00e8re les personnes ce n\u2019est pas la bonne solution, mais je dois garder une attitude de bienveillance et d\u2019\u00e9coute envers elles. Une libert\u00e9 doit \u00eatre pr\u00e9sente envers toutes ces personnes, je ne dois pas perdre de vu que ce sont des personnes victimes.<br \/>\nUn espace de s\u00e9curit\u00e9 doit \u00eatre pr\u00e9sent.<br \/>\nJe dirais que dissociation ou pas celle-ci \u00e9tait la bienvenue.<br \/>\nJe n\u2019avais pas mis non plus une heure bien d\u00e9finie de fin concernant cet atelier, la d\u00e9tente \u00e9tait l\u00e0, tout comme les \u00e9changes divers, \u00e7a se d\u00e9roulait, dans l\u2019ensemble, assez bien. Quelques petites angoisses, tout comme des questionnements.<br \/>\nMais c\u2019est pratiquement normal quand on travaille sur un th\u00e8me, des remises en questions etc sont l\u00e0 et viennent nous taquiner.<\/p>\n<p>Format de feuille 36 X 48 cm.<\/p>\n<div class=\"sharedaddy sd-sharing-enabled\"><div class=\"robots-nocontent sd-block sd-social sd-social-official sd-sharing\"><h3 class=\"sd-title\">Partager\u00a0:<\/h3><div class=\"sd-content\"><ul><li class=\"share-facebook\"><div class=\"fb-share-button\" data-href=\"https:\/\/artherapievirtus.org\/R-A-I-V-I\/index.php\/2017\/11\/18\/bmp-la-colere\/\" data-layout=\"button_count\"><\/div><\/li><li class=\"share-linkedin\"><div class=\"linkedin_button\"><script type=\"in\/share\" data-url=\"https:\/\/artherapievirtus.org\/R-A-I-V-I\/index.php\/2017\/11\/18\/bmp-la-colere\/\" data-counter=\"right\"><\/script><\/div><\/li><li class=\"share-twitter\"><a href=\"https:\/\/twitter.com\/share\" class=\"twitter-share-button\" data-url=\"https:\/\/artherapievirtus.org\/R-A-I-V-I\/index.php\/2017\/11\/18\/bmp-la-colere\/\" data-text=\"BMP \u2013 La col\u00e8re\"  >Tweet<\/a><\/li><li class=\"share-end\"><\/li><\/ul><\/div><\/div><\/div>","protected":false},"excerpt":{"rendered":"<p>J\u2019ai voulu repr\u00e9senter dans ce collage, comment je percevais la col\u00e8re dans ma t\u00eate. J\u2019ai commenc\u00e9 par mettre en premier sur ma feuille le visage qui se fond l\u00e9g\u00e8rement dans ma cr\u00e9ation. Je souhaitais faire un petit rappelle du mot \u00ab\u00a0dissociation\u00a0\u00bb Je voulais repr\u00e9senter la situation du fait aussi que ma col\u00e8re sort par jets,&hellip; <\/p>\n<p class=\"toivo-read-more\"><a href=\"https:\/\/artherapievirtus.org\/R-A-I-V-I\/index.php\/2017\/11\/18\/bmp-la-colere\/\" class=\"more-link\">Lire la suite <span class=\"screen-reader-text\">BMP \u2013 La col\u00e8re<\/span><\/a><\/p>\n<div class=\"sharedaddy sd-sharing-enabled\"><div class=\"robots-nocontent sd-block sd-social sd-social-official sd-sharing\"><h3 class=\"sd-title\">Partager\u00a0:<\/h3><div class=\"sd-content\"><ul><li class=\"share-facebook\"><div class=\"fb-share-button\" data-href=\"https:\/\/artherapievirtus.org\/R-A-I-V-I\/index.php\/2017\/11\/18\/bmp-la-colere\/\" data-layout=\"button_count\"><\/div><\/li><li class=\"share-linkedin\"><div class=\"linkedin_button\"><script type=\"in\/share\" data-url=\"https:\/\/artherapievirtus.org\/R-A-I-V-I\/index.php\/2017\/11\/18\/bmp-la-colere\/\" data-counter=\"right\"><\/script><\/div><\/li><li class=\"share-twitter\"><a href=\"https:\/\/twitter.com\/share\" class=\"twitter-share-button\" data-url=\"https:\/\/artherapievirtus.org\/R-A-I-V-I\/index.php\/2017\/11\/18\/bmp-la-colere\/\" data-text=\"BMP \u2013 La col\u00e8re\"  >Tweet<\/a><\/li><li class=\"share-end\"><\/li><\/ul><\/div><\/div><\/div>","protected":false},"author":14,"featured_media":0,"comment_status":"open","ping_status":"open","sticky":false,"template":"","format":"standard","meta":{"spay_email":"","jetpack_publicize_message":"","jetpack_is_tweetstorm":false},"categories":[253,254,247,9],"tags":[255,11],"jetpack_featured_media_url":"","jetpack_publicize_connections":[],"jetpack_sharing_enabled":true,"jetpack_shortlink":"https:\/\/wp.me\/p86Owe-115","jetpack_likes_enabled":true,"_links":{"self":[{"href":"https:\/\/artherapievirtus.org\/R-A-I-V-I\/index.php\/wp-json\/wp\/v2\/posts\/3911"}],"collection":[{"href":"https:\/\/artherapievirtus.org\/R-A-I-V-I\/index.php\/wp-json\/wp\/v2\/posts"}],"about":[{"href":"https:\/\/artherapievirtus.org\/R-A-I-V-I\/index.php\/wp-json\/wp\/v2\/types\/post"}],"author":[{"embeddable":true,"href":"https:\/\/artherapievirtus.org\/R-A-I-V-I\/index.php\/wp-json\/wp\/v2\/users\/14"}],"replies":[{"embeddable":true,"href":"https:\/\/artherapievirtus.org\/R-A-I-V-I\/index.php\/wp-json\/wp\/v2\/comments?post=3911"}],"version-history":[{"count":8,"href":"https:\/\/artherapievirtus.org\/R-A-I-V-I\/index.php\/wp-json\/wp\/v2\/posts\/3911\/revisions"}],"predecessor-version":[{"id":4048,"href":"https:\/\/artherapievirtus.org\/R-A-I-V-I\/index.php\/wp-json\/wp\/v2\/posts\/3911\/revisions\/4048"}],"wp:attachment":[{"href":"https:\/\/artherapievirtus.org\/R-A-I-V-I\/index.php\/wp-json\/wp\/v2\/media?parent=3911"}],"wp:term":[{"taxonomy":"category","embeddable":true,"href":"https:\/\/artherapievirtus.org\/R-A-I-V-I\/index.php\/wp-json\/wp\/v2\/categories?post=3911"},{"taxonomy":"post_tag","embeddable":true,"href":"https:\/\/artherapievirtus.org\/R-A-I-V-I\/index.php\/wp-json\/wp\/v2\/tags?post=3911"}],"curies":[{"name":"wp","href":"https:\/\/api.w.org\/{rel}","templated":true}]}}