{"id":3909,"date":"2017-11-19T05:15:11","date_gmt":"2017-11-19T04:15:11","guid":{"rendered":"http:\/\/artherapievirtus.org\/R-A-I-V-I\/?p=3909"},"modified":"2019-11-15T10:55:00","modified_gmt":"2019-11-15T09:55:00","slug":"atelier-du-18-novembre-2017-la-colere","status":"publish","type":"post","link":"https:\/\/artherapievirtus.org\/R-A-I-V-I\/index.php\/2017\/11\/19\/atelier-du-18-novembre-2017-la-colere\/","title":{"rendered":"Atelier du 18\u00a0novembre 2017 : La col\u00e8re"},"content":{"rendered":"<p>Une nouvelle arrivante \u00e9tait parmi nous, nous lui avons donc souhait\u00e9 la bienvenue, un petit mot de la part de chacune d\u2019entre nous, au moment de notre pr\u00e9sentation.<br \/>\nC\u2019est important de bien accueillir une nouvelle personne je trouve, car pour elle ce n\u2019est pas facile d\u2019arriver dans un milieu inconnu, et de faire connaissance avec de nouvelles t\u00eates.<\/p>\n<p>La col\u00e8re est un th\u00e8me qui reste compliqu\u00e9 \u00e0 exprimer, je m\u2019en suis rendue compte. Mais l\u2019\u00e9change \u00e9tait pr\u00e9sent dans le groupe, dans l\u2019\u00e9coute et le respect comme il se doit.<\/p>\n<p>J\u2019ai comme d\u2019habitude mis ma petite pointe d\u2019humour, j\u2019aime faire cela quand je vois que parfois \u00e7a devient compliqu\u00e9 pour certaines personnes de bien exprimer leur ressenti&#8230; c\u2019est ma fa\u00e7on de d\u00e9tendre l\u2019atmosph\u00e8re. Et puis cela repart&#8230;<br \/>\nC\u2019est pour cela qu\u2019on me surnomme mon petit \u00ab\u00a0clown\u00a0\u00bb dans le groupe.<\/p>\n<p>Je ne peux en dire plus lors de nos \u00e9changes, je dois respecter la confidentialit\u00e9.<\/p>\n<hr \/>\n<p>Nous sommes ensuite pass\u00e9es, apr\u00e8s une pause, \u00e0 mon atelier collage.<br \/>\nL\u2019id\u00e9e de d\u00e9part que j\u2019avais propos\u00e9e \u00e9tait celle-ci\u00a0:<\/p>\n<blockquote><p>Repr\u00e9senter la col\u00e8re comme vous la voyez, en collage.<\/p><\/blockquote>\n<p>J\u2019avais aussi sugg\u00e9r\u00e9 de rester dans l\u2019\u00e9change lors de nos r\u00e9alisations, je trouvais sympa vu que ce th\u00e8me sur la col\u00e8re reste un sujet fragile \u00e0 exprimer\u2026<br \/>\nPendant nos r\u00e9alisations, nous avons \u00e9chang\u00e9 pour conna\u00eetre un peu plus sur la nouvelle arriv\u00e9e, puis nous avons \u00e9chang\u00e9 sur les images que nous d\u00e9coupions que nous trouvions dans les magazines.<br \/>\nLors de cette cr\u00e9ation, des \u00e9changes chaleureux \u00e9taient pr\u00e9sents, m\u00eame que nous nous sommes mises \u00e0 rire aussi sur nos r\u00e9flexions, tout en gardant un c\u00f4t\u00e9 s\u00e9rieux sur cet atelier.<br \/>\nCe fut un atelier appr\u00e9ci\u00e9 par les personnes, un atelier accompli dans une atmosph\u00e8re d\u00e9tendue.<\/p>\n<p>De mon c\u00f4t\u00e9, j\u2019essayai de rester \u00e0 l\u2019\u00e9coute des personnes pr\u00e9sentes, et essayais aussi de rep\u00e9rer si des moments difficiles pointaient leur nez. C\u2019\u00e9tait important, \u00e9ventuellement d\u2019apaiser une angoisse, ou autre.\u00a0Ne pas rester dans le silence, le droit \u00e0 la parole on doit se\u00a0le donner, se l\u2019autoriser.<br \/>\nJ\u2019ai aussi r\u00e9p\u00e9t\u00e9 au groupe que c\u2019\u00e9tait important de ne pas se mettre la pression pour obtenir un r\u00e9sultat. Qu\u2019il fallait juste profiter de ce moment pr\u00e9sent d\u2019\u00e9change, et d\u2019expression, en \u00e9tant ma\u00eetre de notre r\u00e9alisation. Qu\u2019il ne fallait faire aucune comparaison avec le voisin, que notre \u0153uvre \u00e9tait le regard que chacune avait sur cette col\u00e8re.<br \/>\nJ\u2019ai aussi pos\u00e9 la question si les personnes souhaitaient signer leur collage et si elles \u00e9taient d\u2019accord qu\u2019il soit mis sur le blog.<\/p>\n<p>J\u2019en reviens \u00e0 ces mots\u00a0: intimit\u00e9, respect, et \u00eatre ma\u00eetre de sa libert\u00e9 et de ses choix.<br \/>\nPour moi c\u2019est important d\u2019accepter les choix de toutes, et d\u2019accepter la personne comme elle est.<br \/>\nJ&rsquo;ai appr\u00e9ci\u00e9 me concernant ce moment pass\u00e9 ensemble.<\/p>\n<div class=\"sharedaddy sd-sharing-enabled\"><div class=\"robots-nocontent sd-block sd-social sd-social-official sd-sharing\"><h3 class=\"sd-title\">Partager\u00a0:<\/h3><div class=\"sd-content\"><ul><li class=\"share-facebook\"><div class=\"fb-share-button\" data-href=\"https:\/\/artherapievirtus.org\/R-A-I-V-I\/index.php\/2017\/11\/19\/atelier-du-18-novembre-2017-la-colere\/\" data-layout=\"button_count\"><\/div><\/li><li class=\"share-linkedin\"><div class=\"linkedin_button\"><script type=\"in\/share\" data-url=\"https:\/\/artherapievirtus.org\/R-A-I-V-I\/index.php\/2017\/11\/19\/atelier-du-18-novembre-2017-la-colere\/\" data-counter=\"right\"><\/script><\/div><\/li><li class=\"share-twitter\"><a href=\"https:\/\/twitter.com\/share\" class=\"twitter-share-button\" data-url=\"https:\/\/artherapievirtus.org\/R-A-I-V-I\/index.php\/2017\/11\/19\/atelier-du-18-novembre-2017-la-colere\/\" data-text=\"Atelier du 18\u00a0novembre 2017 : La col\u00e8re\"  >Tweet<\/a><\/li><li class=\"share-end\"><\/li><\/ul><\/div><\/div><\/div>","protected":false},"excerpt":{"rendered":"<p>Une nouvelle arrivante \u00e9tait parmi nous, nous lui avons donc souhait\u00e9 la bienvenue, un petit mot de la part de chacune d\u2019entre nous, au moment de notre pr\u00e9sentation. C\u2019est important de bien accueillir une nouvelle personne je trouve, car pour elle ce n\u2019est pas facile d\u2019arriver dans un milieu inconnu, et de faire connaissance avec&hellip; <\/p>\n<p class=\"toivo-read-more\"><a href=\"https:\/\/artherapievirtus.org\/R-A-I-V-I\/index.php\/2017\/11\/19\/atelier-du-18-novembre-2017-la-colere\/\" class=\"more-link\">Lire la suite <span class=\"screen-reader-text\">Atelier du 18\u00a0novembre 2017 : La col\u00e8re<\/span><\/a><\/p>\n<div class=\"sharedaddy sd-sharing-enabled\"><div class=\"robots-nocontent sd-block sd-social sd-social-official sd-sharing\"><h3 class=\"sd-title\">Partager\u00a0:<\/h3><div class=\"sd-content\"><ul><li class=\"share-facebook\"><div class=\"fb-share-button\" data-href=\"https:\/\/artherapievirtus.org\/R-A-I-V-I\/index.php\/2017\/11\/19\/atelier-du-18-novembre-2017-la-colere\/\" data-layout=\"button_count\"><\/div><\/li><li class=\"share-linkedin\"><div class=\"linkedin_button\"><script type=\"in\/share\" data-url=\"https:\/\/artherapievirtus.org\/R-A-I-V-I\/index.php\/2017\/11\/19\/atelier-du-18-novembre-2017-la-colere\/\" data-counter=\"right\"><\/script><\/div><\/li><li class=\"share-twitter\"><a href=\"https:\/\/twitter.com\/share\" class=\"twitter-share-button\" data-url=\"https:\/\/artherapievirtus.org\/R-A-I-V-I\/index.php\/2017\/11\/19\/atelier-du-18-novembre-2017-la-colere\/\" data-text=\"Atelier du 18\u00a0novembre 2017 : La col\u00e8re\"  >Tweet<\/a><\/li><li class=\"share-end\"><\/li><\/ul><\/div><\/div><\/div>","protected":false},"author":14,"featured_media":0,"comment_status":"open","ping_status":"open","sticky":false,"template":"","format":"standard","meta":{"spay_email":"","jetpack_publicize_message":"","jetpack_is_tweetstorm":false},"categories":[9],"tags":[10],"jetpack_featured_media_url":"","jetpack_publicize_connections":[],"jetpack_sharing_enabled":true,"jetpack_shortlink":"https:\/\/wp.me\/p86Owe-113","jetpack_likes_enabled":true,"_links":{"self":[{"href":"https:\/\/artherapievirtus.org\/R-A-I-V-I\/index.php\/wp-json\/wp\/v2\/posts\/3909"}],"collection":[{"href":"https:\/\/artherapievirtus.org\/R-A-I-V-I\/index.php\/wp-json\/wp\/v2\/posts"}],"about":[{"href":"https:\/\/artherapievirtus.org\/R-A-I-V-I\/index.php\/wp-json\/wp\/v2\/types\/post"}],"author":[{"embeddable":true,"href":"https:\/\/artherapievirtus.org\/R-A-I-V-I\/index.php\/wp-json\/wp\/v2\/users\/14"}],"replies":[{"embeddable":true,"href":"https:\/\/artherapievirtus.org\/R-A-I-V-I\/index.php\/wp-json\/wp\/v2\/comments?post=3909"}],"version-history":[{"count":3,"href":"https:\/\/artherapievirtus.org\/R-A-I-V-I\/index.php\/wp-json\/wp\/v2\/posts\/3909\/revisions"}],"predecessor-version":[{"id":3921,"href":"https:\/\/artherapievirtus.org\/R-A-I-V-I\/index.php\/wp-json\/wp\/v2\/posts\/3909\/revisions\/3921"}],"wp:attachment":[{"href":"https:\/\/artherapievirtus.org\/R-A-I-V-I\/index.php\/wp-json\/wp\/v2\/media?parent=3909"}],"wp:term":[{"taxonomy":"category","embeddable":true,"href":"https:\/\/artherapievirtus.org\/R-A-I-V-I\/index.php\/wp-json\/wp\/v2\/categories?post=3909"},{"taxonomy":"post_tag","embeddable":true,"href":"https:\/\/artherapievirtus.org\/R-A-I-V-I\/index.php\/wp-json\/wp\/v2\/tags?post=3909"}],"curies":[{"name":"wp","href":"https:\/\/api.w.org\/{rel}","templated":true}]}}