{"id":3886,"date":"2017-11-10T15:36:09","date_gmt":"2017-11-10T14:36:09","guid":{"rendered":"http:\/\/artherapievirtus.org\/R-A-I-V-I\/?p=3886"},"modified":"2020-08-12T21:44:10","modified_gmt":"2020-08-12T19:44:10","slug":"livre-gerer-la-dissociation-dorigine-traumatique-la-colere","status":"publish","type":"post","link":"https:\/\/artherapievirtus.org\/R-A-I-V-I\/index.php\/2017\/11\/10\/livre-gerer-la-dissociation-dorigine-traumatique-la-colere\/","title":{"rendered":"Livre \u2013 G\u00e9rer la dissociation d&rsquo;origine traumatique \u2013\u00a0La col\u00e8re"},"content":{"rendered":"<p>En attendant le th\u00e8me du groupe de parole de Chambray les pages sur la col\u00e8re :<\/p>\n<p><a href=\"https:\/\/www.decitre.fr\/livres\/gerer-la-dissociation-d-originie-traumatique-9782807307889.html\" target=\"_blank\" rel=\"noopener noreferrer\"><img loading=\"lazy\" class=\"aligncenter size-full wp-image-3894\" src=\"https:\/\/artherapievirtus.org\/R-A-I-V-I\/wp-content\/uploads\/2017\/11\/Image-G\u00e9rer-la-dissociation.gif\" alt=\"\" width=\"472\" height=\"269\" \/><\/a><br \/>\n<span style=\"font-size: 1rem;\">Dans ce livre au chapitre 22\u00a0 \u00e0 la page 331 \u00e0 345<\/span><br \/>\nplus l\u2019exercice \u00e0 faire chez soi 346 \u00e0 348,<br \/>\nil aborde cette \u00e9motion : la col\u00e8re<\/p>\n<p><span style=\"color: #333399;\"><strong>Chapitre\u00a0 22\u00a0<\/strong><\/span><\/p>\n<h6>G\u00c9RER LA COL\u00c8RE :<\/h6>\n<p>Th\u00e8me G\u00e9rer la col\u00e8re :<br \/>\nComprendre ce qu&rsquo;est la col\u00e8re<br \/>\nLa col\u00e8re chez les personnes souffrant d&rsquo;un trouble dissociatif<br \/>\nComment g\u00e9rer la col\u00e8re<br \/>\nTravailler avec vos parties pour g\u00e9rer et r\u00e9soudre la col\u00e8re.<\/p>\n<p>Je mets aussi un petit plus :<\/p>\n<p><img loading=\"lazy\" class=\"alignnone size-medium wp-image-3887\" src=\"https:\/\/artherapievirtus.org\/R-A-I-V-I\/wp-content\/uploads\/2017\/11\/m\u00e9content.econtrari\u00e9.eagac\u00e9.eamer_.eirrit\u00e9.e-300x110.png\" alt=\"\" width=\"300\" height=\"110\" srcset=\"https:\/\/artherapievirtus.org\/R-A-I-V-I\/wp-content\/uploads\/2017\/11\/m\u00e9content.econtrari\u00e9.eagac\u00e9.eamer_.eirrit\u00e9.e-300x110.png 300w, https:\/\/artherapievirtus.org\/R-A-I-V-I\/wp-content\/uploads\/2017\/11\/m\u00e9content.econtrari\u00e9.eagac\u00e9.eamer_.eirrit\u00e9.e-768x282.png 768w, https:\/\/artherapievirtus.org\/R-A-I-V-I\/wp-content\/uploads\/2017\/11\/m\u00e9content.econtrari\u00e9.eagac\u00e9.eamer_.eirrit\u00e9.e.png 1024w\" sizes=\"(max-width: 300px) 100vw, 300px\" \/><\/p>\n<p>&nbsp;<\/p>\n<p>Un exemple de collage et de dessin sur la col\u00e8re : Pour aider donner des id\u00e9es pour ceux ou celles qui d\u00e9bute&#8230;<\/p>\n<blockquote class=\"wp-embedded-content\" data-secret=\"h92jDHftoF\"><p><a href=\"https:\/\/artherapievirtus.org\/RAIVVI\/bd-collage-de-la-colere-contre-je-ne-sais-pas-quoi\/\">BD \u2013\u00a0Collage de la col\u00e8re contre je ne sais pas quoi<\/a><\/p><\/blockquote>\n<p><iframe class=\"wp-embedded-content\" sandbox=\"allow-scripts\" security=\"restricted\" style=\"position: absolute; clip: rect(1px, 1px, 1px, 1px);\" title=\"\u00ab\u00a0BD \u2013\u00a0Collage de la col\u00e8re contre je ne sais pas quoi\u00a0\u00bb &#8212; Relation Aide Victimes Viols Inceste \u2013 BMP\" src=\"https:\/\/artherapievirtus.org\/RAIVVI\/bd-collage-de-la-colere-contre-je-ne-sais-pas-quoi\/embed\/#?secret=h92jDHftoF\" data-secret=\"h92jDHftoF\" width=\"600\" height=\"338\" frameborder=\"0\" marginwidth=\"0\" marginheight=\"0\" scrolling=\"no\"><\/iframe><\/p>\n<blockquote class=\"wp-embedded-content\" data-secret=\"agj1I3ut2C\"><p><a href=\"https:\/\/artherapievirtus.org\/RAIVVI\/bmp-un-lion-pour-exprimer-la-colere-et-lagressivite\/\">BMP \u2013 Un lion pour exprimer la col\u00e8re et l&rsquo;agressivit\u00e9<\/a><\/p><\/blockquote>\n<p><iframe class=\"wp-embedded-content\" sandbox=\"allow-scripts\" security=\"restricted\" style=\"position: absolute; clip: rect(1px, 1px, 1px, 1px);\" title=\"\u00ab\u00a0BMP \u2013 Un lion pour exprimer la col\u00e8re et l&rsquo;agressivit\u00e9\u00a0\u00bb &#8212; Relation Aide Victimes Viols Inceste \u2013 BMP\" src=\"https:\/\/artherapievirtus.org\/RAIVVI\/bmp-un-lion-pour-exprimer-la-colere-et-lagressivite\/embed\/#?secret=agj1I3ut2C\" data-secret=\"agj1I3ut2C\" width=\"600\" height=\"338\" frameborder=\"0\" marginwidth=\"0\" marginheight=\"0\" scrolling=\"no\"><\/iframe><\/p>\n<p>A bient\u00f4t \ud83d\ude42<\/p>\n<div class=\"sharedaddy sd-sharing-enabled\"><div class=\"robots-nocontent sd-block sd-social sd-social-official sd-sharing\"><h3 class=\"sd-title\">Partager\u00a0:<\/h3><div class=\"sd-content\"><ul><li class=\"share-facebook\"><div class=\"fb-share-button\" data-href=\"https:\/\/artherapievirtus.org\/R-A-I-V-I\/index.php\/2017\/11\/10\/livre-gerer-la-dissociation-dorigine-traumatique-la-colere\/\" data-layout=\"button_count\"><\/div><\/li><li class=\"share-linkedin\"><div class=\"linkedin_button\"><script type=\"in\/share\" data-url=\"https:\/\/artherapievirtus.org\/R-A-I-V-I\/index.php\/2017\/11\/10\/livre-gerer-la-dissociation-dorigine-traumatique-la-colere\/\" data-counter=\"right\"><\/script><\/div><\/li><li class=\"share-twitter\"><a href=\"https:\/\/twitter.com\/share\" class=\"twitter-share-button\" data-url=\"https:\/\/artherapievirtus.org\/R-A-I-V-I\/index.php\/2017\/11\/10\/livre-gerer-la-dissociation-dorigine-traumatique-la-colere\/\" data-text=\"Livre \u2013 G\u00e9rer la dissociation d&#039;origine traumatique \u2013\u00a0La col\u00e8re\"  >Tweet<\/a><\/li><li class=\"share-end\"><\/li><\/ul><\/div><\/div><\/div>","protected":false},"excerpt":{"rendered":"<p>En attendant le th\u00e8me du groupe de parole de Chambray les pages sur la col\u00e8re : Dans ce livre au chapitre 22\u00a0 \u00e0 la page 331 \u00e0 345 plus l\u2019exercice \u00e0 faire chez soi 346 \u00e0 348, il aborde cette \u00e9motion : la col\u00e8re Chapitre\u00a0 22\u00a0 G\u00c9RER LA COL\u00c8RE : Th\u00e8me G\u00e9rer la col\u00e8re :&hellip; <\/p>\n<p class=\"toivo-read-more\"><a href=\"https:\/\/artherapievirtus.org\/R-A-I-V-I\/index.php\/2017\/11\/10\/livre-gerer-la-dissociation-dorigine-traumatique-la-colere\/\" class=\"more-link\">Lire la suite <span class=\"screen-reader-text\">Livre \u2013 G\u00e9rer la dissociation d&rsquo;origine traumatique \u2013\u00a0La col\u00e8re<\/span><\/a><\/p>\n<div class=\"sharedaddy sd-sharing-enabled\"><div class=\"robots-nocontent sd-block sd-social sd-social-official sd-sharing\"><h3 class=\"sd-title\">Partager\u00a0:<\/h3><div class=\"sd-content\"><ul><li class=\"share-facebook\"><div class=\"fb-share-button\" data-href=\"https:\/\/artherapievirtus.org\/R-A-I-V-I\/index.php\/2017\/11\/10\/livre-gerer-la-dissociation-dorigine-traumatique-la-colere\/\" data-layout=\"button_count\"><\/div><\/li><li class=\"share-linkedin\"><div class=\"linkedin_button\"><script type=\"in\/share\" data-url=\"https:\/\/artherapievirtus.org\/R-A-I-V-I\/index.php\/2017\/11\/10\/livre-gerer-la-dissociation-dorigine-traumatique-la-colere\/\" data-counter=\"right\"><\/script><\/div><\/li><li class=\"share-twitter\"><a href=\"https:\/\/twitter.com\/share\" class=\"twitter-share-button\" data-url=\"https:\/\/artherapievirtus.org\/R-A-I-V-I\/index.php\/2017\/11\/10\/livre-gerer-la-dissociation-dorigine-traumatique-la-colere\/\" data-text=\"Livre \u2013 G\u00e9rer la dissociation d&#039;origine traumatique \u2013\u00a0La col\u00e8re\"  >Tweet<\/a><\/li><li class=\"share-end\"><\/li><\/ul><\/div><\/div><\/div>","protected":false},"author":14,"featured_media":2455,"comment_status":"open","ping_status":"open","sticky":false,"template":"","format":"standard","meta":{"spay_email":"","jetpack_publicize_message":"","jetpack_is_tweetstorm":false},"categories":[4,3],"tags":[195],"jetpack_featured_media_url":"https:\/\/artherapievirtus.org\/R-A-I-V-I\/wp-content\/uploads\/2017\/05\/Livre-ge\u0301rer-la-dissociation-e1493706738591.jpg","jetpack_publicize_connections":[],"jetpack_sharing_enabled":true,"jetpack_shortlink":"https:\/\/wp.me\/p86Owe-10G","jetpack_likes_enabled":true,"_links":{"self":[{"href":"https:\/\/artherapievirtus.org\/R-A-I-V-I\/index.php\/wp-json\/wp\/v2\/posts\/3886"}],"collection":[{"href":"https:\/\/artherapievirtus.org\/R-A-I-V-I\/index.php\/wp-json\/wp\/v2\/posts"}],"about":[{"href":"https:\/\/artherapievirtus.org\/R-A-I-V-I\/index.php\/wp-json\/wp\/v2\/types\/post"}],"author":[{"embeddable":true,"href":"https:\/\/artherapievirtus.org\/R-A-I-V-I\/index.php\/wp-json\/wp\/v2\/users\/14"}],"replies":[{"embeddable":true,"href":"https:\/\/artherapievirtus.org\/R-A-I-V-I\/index.php\/wp-json\/wp\/v2\/comments?post=3886"}],"version-history":[{"count":6,"href":"https:\/\/artherapievirtus.org\/R-A-I-V-I\/index.php\/wp-json\/wp\/v2\/posts\/3886\/revisions"}],"predecessor-version":[{"id":4050,"href":"https:\/\/artherapievirtus.org\/R-A-I-V-I\/index.php\/wp-json\/wp\/v2\/posts\/3886\/revisions\/4050"}],"wp:featuredmedia":[{"embeddable":true,"href":"https:\/\/artherapievirtus.org\/R-A-I-V-I\/index.php\/wp-json\/wp\/v2\/media\/2455"}],"wp:attachment":[{"href":"https:\/\/artherapievirtus.org\/R-A-I-V-I\/index.php\/wp-json\/wp\/v2\/media?parent=3886"}],"wp:term":[{"taxonomy":"category","embeddable":true,"href":"https:\/\/artherapievirtus.org\/R-A-I-V-I\/index.php\/wp-json\/wp\/v2\/categories?post=3886"},{"taxonomy":"post_tag","embeddable":true,"href":"https:\/\/artherapievirtus.org\/R-A-I-V-I\/index.php\/wp-json\/wp\/v2\/tags?post=3886"}],"curies":[{"name":"wp","href":"https:\/\/api.w.org\/{rel}","templated":true}]}}