{"id":3878,"date":"2017-10-30T11:28:30","date_gmt":"2017-10-30T10:28:30","guid":{"rendered":"http:\/\/artherapievirtus.org\/R-A-I-V-I\/?p=3878"},"modified":"2019-11-15T10:58:05","modified_gmt":"2019-11-15T09:58:05","slug":"3878","status":"publish","type":"post","link":"https:\/\/artherapievirtus.org\/R-A-I-V-I\/index.php\/2017\/10\/30\/3878\/","title":{"rendered":"Association \u00ab\u00a0Sortir du silence\u00a0\u00bb"},"content":{"rendered":"<p><img loading=\"lazy\" class=\"alignnone size-medium wp-image-3879\" src=\"https:\/\/artherapievirtus.org\/R-A-I-V-I\/wp-content\/uploads\/2017\/10\/sds-768x179-300x70.png\" alt=\"\" width=\"300\" height=\"70\" srcset=\"https:\/\/artherapievirtus.org\/R-A-I-V-I\/wp-content\/uploads\/2017\/10\/sds-768x179-300x70.png 300w, https:\/\/artherapievirtus.org\/R-A-I-V-I\/wp-content\/uploads\/2017\/10\/sds-768x179.png 768w\" sizes=\"(max-width: 300px) 100vw, 300px\" \/><\/p>\n<h6>Pr\u00e9sentation de l\u2019association :<\/h6>\n<p>Rescap\u00e9s, \u00e9clop\u00e9s, bris\u00e9s ou proches de victimes d\u2019inceste :<br \/>\nnous avons os\u00e9 parler de nos peurs, de nos failles, de notre honte, de cette impression d\u2019\u00eatre \u00ab diff\u00e9rents \u00bb, et nous avons pu progresser et nous r\u00e9parer !<br \/>\nUn groupe s\u2019est constitu\u00e9 et a d\u00e9cid\u00e9 d\u2019accompagner d\u2019autres victimes sur le chemin si ardu de la reconstruction. Empathie, Respect et Ecoute sont les piliers de notre association.<\/p>\n<h6>But de l\u2019association :<\/h6>\n<p>Permettre aux personnes qui ont subi l\u2019inceste de s\u2019exprimer sur leurs ressentis lors de groupes de parole. Aider leurs proches \u00e0 mieux les comprendre.<\/p>\n<h6>Groupes de parole pour :<\/h6>\n<ul>\n<li>parler et \u00eatre entendu dans le plus grand respect<\/li>\n<li>favoriser la r\u00e9flexion autour d\u2019un th\u00e8me<\/li>\n<li>rencontrer d\u2019autres victimes et \u00e9changer<\/li>\n<\/ul>\n<p>Ces groupes de parole ne sont pas des groupes th\u00e9rapeutiques. Ils permettent n\u00e9anmoins de lib\u00e9rer la parole, partager son v\u00e9cu, \u00eatre entendu et reconnu.<br \/>\nLes groupes de parole ont lieu une fois par mois. Les th\u00e8mes sont d\u00e9finis \u00e0 l\u2019avance et choisis pour accompagner la r\u00e9flexion de tous.<\/p>\n<h6>Suivi du groupe :<\/h6>\n<p>La plus grande attention est port\u00e9e aux personnes qui viennent \u00e0 nos groupes. Une mod\u00e9ratrice veillera \u00e0 ce que chacun puisse s\u2019exprimer sans \u00eatre interrompu. La parole de chacun sera respect\u00e9e, il n\u2019y aura ni jugements, ni reproches, ni doutes, ni m\u00e9disances.<br \/>\n<strong>Genevi\u00e8ve VOLTE<\/strong><br \/>\nPr\u00e9sidente et Mod\u00e9ratrice :<br \/>\ngenevieve.volte@gmail.com<\/p>\n<hr \/>\n<p><strong>Groupe de parole\u00a0 2016-2017 de Chambray-l\u00e8s-Tours.<\/strong><\/p>\n<h6>09\u00a0septembre 2017 : La peur<\/h6>\n<p>Suivi par un premier atelier peinture intitul\u00e9 : Rencontre avec le geste du pinceau.<\/p>\n<p><strong>14\u00a0octobre 2017 : L\u2019estime de soi<\/strong><br \/>\nSuivi d\u2019un deuxi\u00e8me atelier peinture intitul\u00e9 : Observer et prendre plaisir avec la couleur que l\u2019on a choisie en ce jour.<\/p>\n<p><strong>18\u00a0novembre 2017 : La col\u00e8re<\/strong><br \/>\nSuivi d\u2019un atelier anim\u00e9 par B\u00e9atrice :\u00a0 Peinture et Collage<\/p>\n<div class=\"sharedaddy sd-sharing-enabled\"><div class=\"robots-nocontent sd-block sd-social sd-social-official sd-sharing\"><h3 class=\"sd-title\">Partager\u00a0:<\/h3><div class=\"sd-content\"><ul><li class=\"share-facebook\"><div class=\"fb-share-button\" data-href=\"https:\/\/artherapievirtus.org\/R-A-I-V-I\/index.php\/2017\/10\/30\/3878\/\" data-layout=\"button_count\"><\/div><\/li><li class=\"share-linkedin\"><div class=\"linkedin_button\"><script type=\"in\/share\" data-url=\"https:\/\/artherapievirtus.org\/R-A-I-V-I\/index.php\/2017\/10\/30\/3878\/\" data-counter=\"right\"><\/script><\/div><\/li><li class=\"share-twitter\"><a href=\"https:\/\/twitter.com\/share\" class=\"twitter-share-button\" data-url=\"https:\/\/artherapievirtus.org\/R-A-I-V-I\/index.php\/2017\/10\/30\/3878\/\" data-text=\"Association &quot;Sortir du silence&quot;\"  >Tweet<\/a><\/li><li class=\"share-end\"><\/li><\/ul><\/div><\/div><\/div>","protected":false},"excerpt":{"rendered":"<p>Pr\u00e9sentation de l\u2019association : Rescap\u00e9s, \u00e9clop\u00e9s, bris\u00e9s ou proches de victimes d\u2019inceste : nous avons os\u00e9 parler de nos peurs, de nos failles, de notre honte, de cette impression d\u2019\u00eatre \u00ab diff\u00e9rents \u00bb, et nous avons pu progresser et nous r\u00e9parer ! Un groupe s\u2019est constitu\u00e9 et a d\u00e9cid\u00e9 d\u2019accompagner d\u2019autres victimes sur le chemin&hellip; <\/p>\n<p class=\"toivo-read-more\"><a href=\"https:\/\/artherapievirtus.org\/R-A-I-V-I\/index.php\/2017\/10\/30\/3878\/\" class=\"more-link\">Lire la suite <span class=\"screen-reader-text\">Association \u00ab\u00a0Sortir du silence\u00a0\u00bb<\/span><\/a><\/p>\n<div class=\"sharedaddy sd-sharing-enabled\"><div class=\"robots-nocontent sd-block sd-social sd-social-official sd-sharing\"><h3 class=\"sd-title\">Partager\u00a0:<\/h3><div class=\"sd-content\"><ul><li class=\"share-facebook\"><div class=\"fb-share-button\" data-href=\"https:\/\/artherapievirtus.org\/R-A-I-V-I\/index.php\/2017\/10\/30\/3878\/\" data-layout=\"button_count\"><\/div><\/li><li class=\"share-linkedin\"><div class=\"linkedin_button\"><script type=\"in\/share\" data-url=\"https:\/\/artherapievirtus.org\/R-A-I-V-I\/index.php\/2017\/10\/30\/3878\/\" data-counter=\"right\"><\/script><\/div><\/li><li class=\"share-twitter\"><a href=\"https:\/\/twitter.com\/share\" class=\"twitter-share-button\" data-url=\"https:\/\/artherapievirtus.org\/R-A-I-V-I\/index.php\/2017\/10\/30\/3878\/\" data-text=\"Association &quot;Sortir du silence&quot;\"  >Tweet<\/a><\/li><li class=\"share-end\"><\/li><\/ul><\/div><\/div><\/div>","protected":false},"author":14,"featured_media":0,"comment_status":"open","ping_status":"open","sticky":false,"template":"","format":"standard","meta":{"spay_email":"","jetpack_publicize_message":"","jetpack_is_tweetstorm":false},"categories":[44,250],"tags":[251],"jetpack_featured_media_url":"","jetpack_publicize_connections":[],"jetpack_sharing_enabled":true,"jetpack_shortlink":"https:\/\/wp.me\/s86Owe-3878","jetpack_likes_enabled":true,"_links":{"self":[{"href":"https:\/\/artherapievirtus.org\/R-A-I-V-I\/index.php\/wp-json\/wp\/v2\/posts\/3878"}],"collection":[{"href":"https:\/\/artherapievirtus.org\/R-A-I-V-I\/index.php\/wp-json\/wp\/v2\/posts"}],"about":[{"href":"https:\/\/artherapievirtus.org\/R-A-I-V-I\/index.php\/wp-json\/wp\/v2\/types\/post"}],"author":[{"embeddable":true,"href":"https:\/\/artherapievirtus.org\/R-A-I-V-I\/index.php\/wp-json\/wp\/v2\/users\/14"}],"replies":[{"embeddable":true,"href":"https:\/\/artherapievirtus.org\/R-A-I-V-I\/index.php\/wp-json\/wp\/v2\/comments?post=3878"}],"version-history":[{"count":3,"href":"https:\/\/artherapievirtus.org\/R-A-I-V-I\/index.php\/wp-json\/wp\/v2\/posts\/3878\/revisions"}],"predecessor-version":[{"id":4051,"href":"https:\/\/artherapievirtus.org\/R-A-I-V-I\/index.php\/wp-json\/wp\/v2\/posts\/3878\/revisions\/4051"}],"wp:attachment":[{"href":"https:\/\/artherapievirtus.org\/R-A-I-V-I\/index.php\/wp-json\/wp\/v2\/media?parent=3878"}],"wp:term":[{"taxonomy":"category","embeddable":true,"href":"https:\/\/artherapievirtus.org\/R-A-I-V-I\/index.php\/wp-json\/wp\/v2\/categories?post=3878"},{"taxonomy":"post_tag","embeddable":true,"href":"https:\/\/artherapievirtus.org\/R-A-I-V-I\/index.php\/wp-json\/wp\/v2\/tags?post=3878"}],"curies":[{"name":"wp","href":"https:\/\/api.w.org\/{rel}","templated":true}]}}