{"id":3872,"date":"2017-10-26T08:50:18","date_gmt":"2017-10-26T06:50:18","guid":{"rendered":"http:\/\/artherapievirtus.org\/R-A-I-V-I\/?p=3872"},"modified":"2019-11-15T10:58:30","modified_gmt":"2019-11-15T09:58:30","slug":"message-de-bd-a-lattention-du-groupe-de-chambray-les-tours","status":"publish","type":"post","link":"https:\/\/artherapievirtus.org\/R-A-I-V-I\/index.php\/2017\/10\/26\/message-de-bd-a-lattention-du-groupe-de-chambray-les-tours\/","title":{"rendered":"Message de BD \u00e0 l&rsquo;attention du groupe de Chambray-l\u00e8s-Tours"},"content":{"rendered":"<p><img loading=\"lazy\" class=\"aligncenter wp-image-3873 size-medium\" src=\"https:\/\/artherapievirtus.org\/R-A-I-V-I\/wp-content\/uploads\/2017\/10\/20171014_175029-300x215.jpg\" alt=\"\" width=\"300\" height=\"215\" srcset=\"https:\/\/artherapievirtus.org\/R-A-I-V-I\/wp-content\/uploads\/2017\/10\/20171014_175029-300x215.jpg 300w, https:\/\/artherapievirtus.org\/R-A-I-V-I\/wp-content\/uploads\/2017\/10\/20171014_175029-768x551.jpg 768w, https:\/\/artherapievirtus.org\/R-A-I-V-I\/wp-content\/uploads\/2017\/10\/20171014_175029-1024x735.jpg 1024w, https:\/\/artherapievirtus.org\/R-A-I-V-I\/wp-content\/uploads\/2017\/10\/20171014_175029-1260x904.jpg 1260w\" sizes=\"(max-width: 300px) 100vw, 300px\" \/><\/p>\n<p>H\u00e9llo la communaut\u00e9 virtuelle, je me lance \ud83d\ude42<br \/>\nJe trouvais sympa de faire un espace d\u2019\u00e9change sur ce blogue, pour le groupe de Chambray-l\u00e8s-Tours, o\u00f9 je vais faire une fois par mois un moment de dessin avec le groupe.<br \/>\nCet espace sera administr\u00e9 par Emmanuelle, qui est Art-th\u00e9rapeute, et qui veillera au bon d\u00e9roulement de nos \u00e9changes.<br \/>\nIl sera important de poster des billets en priv\u00e9, ce qui est une s\u00e9curit\u00e9 pour celles ou ceux qui le souhaiteraient, pour \u00e9changer plus dans l\u2019intimit\u00e9.<br \/>\nJe tiens \u00e0 signaler que je ne suis pas\u00a0art-th\u00e9rapeute. J\u2019essaie simplement de faire partager mon plaisir de dessiner, j\u2019essaie de transmettre les bienfaits qu\u2019apporte l\u2019art-th\u00e9rapie dans les soins.<br \/>\nJe voudrais aussi partager cette exp\u00e9rience concernant les \u00e9changes par Internet, c&rsquo;est une situation qui aide beaucoup.<br \/>\nMon souhait serait d\u2019\u00e9changer et de laisser libre espace sur des id\u00e9es qui seraient propos\u00e9es. Je trouve important de laisser la parole aux personnes. Pour moi c\u2019est donner la libert\u00e9 d\u2019expression, c\u2019est montrer que la personne existe telle qu\u2019elle est dans son ensemble, c\u2019est lui faire comprendre qu\u2019elle existe.<\/p>\n<h6>Les th\u00e9matiques<\/h6>\n<p>Le dernier th\u00e8me que j&rsquo;avais propos\u00e9 \u00e0 l\u2019atelier de peinture, au groupe de Chambray, \u00e9tait d\u2019utiliser une couleur choisie sur le moment. Cet atelier a lieu apr\u00e8s le groupe de parole, donc le th\u00e8me est mis en place par Genevi\u00e8ve, Pr\u00e9sidente de l\u2019association <em>\u00ab\u00a0Sortir du silence\u00a0\u00bb<\/em>.<br \/>\nUn groupe de parole a lieu tous les mois, donc j\u2019animerais un atelier dessin o\u00f9 collage tous les mois aussi.<\/p>\n<h6><span style=\"color: #ff6600;\">Le prochain atelier sera sur une \u00e9motion : la col\u00e8re avec comme m\u00e9diation le collage<\/span><\/h6>\n<p>Tous les mois je posterais mon travail que je proposerais au groupe de Chambray-l\u00e8s-Tours, ressenti, questionnements, avant et apr\u00e8s etc. et j\u2019esp\u00e8re bien que les personnes du groupe de parole viendront nous rejoindre afin que nous puissions \u00e9changer toutes ensembles.<\/p>\n<p>Vos id\u00e9es seront les bienvenues \ud83d\ude42<\/p>\n<p>Je poste mon dernier dessin concoct\u00e9 lors du dernier groupe de parole.<\/p>\n<p>Production aux pastels secs, avec des feuilles que j\u2019avais ramass\u00e9es sur place dehors.<\/p>\n<h5><span style=\"color: #008000;\">A bient\u00f4t\u00a0!<\/span><\/h5>\n<p>Et bravo \u00e0 la personne qui se lancera \ud83d\ude42<\/p>\n<div class=\"sharedaddy sd-sharing-enabled\"><div class=\"robots-nocontent sd-block sd-social sd-social-official sd-sharing\"><h3 class=\"sd-title\">Partager\u00a0:<\/h3><div class=\"sd-content\"><ul><li class=\"share-facebook\"><div class=\"fb-share-button\" data-href=\"https:\/\/artherapievirtus.org\/R-A-I-V-I\/index.php\/2017\/10\/26\/message-de-bd-a-lattention-du-groupe-de-chambray-les-tours\/\" data-layout=\"button_count\"><\/div><\/li><li class=\"share-linkedin\"><div class=\"linkedin_button\"><script type=\"in\/share\" data-url=\"https:\/\/artherapievirtus.org\/R-A-I-V-I\/index.php\/2017\/10\/26\/message-de-bd-a-lattention-du-groupe-de-chambray-les-tours\/\" data-counter=\"right\"><\/script><\/div><\/li><li class=\"share-twitter\"><a href=\"https:\/\/twitter.com\/share\" class=\"twitter-share-button\" data-url=\"https:\/\/artherapievirtus.org\/R-A-I-V-I\/index.php\/2017\/10\/26\/message-de-bd-a-lattention-du-groupe-de-chambray-les-tours\/\" data-text=\"Message de BD \u00e0 l&#039;attention du groupe de Chambray-l\u00e8s-Tours\"  >Tweet<\/a><\/li><li class=\"share-end\"><\/li><\/ul><\/div><\/div><\/div>","protected":false},"excerpt":{"rendered":"<p>H\u00e9llo la communaut\u00e9 virtuelle, je me lance \ud83d\ude42 Je trouvais sympa de faire un espace d\u2019\u00e9change sur ce blogue, pour le groupe de Chambray-l\u00e8s-Tours, o\u00f9 je vais faire une fois par mois un moment de dessin avec le groupe. Cet espace sera administr\u00e9 par Emmanuelle, qui est Art-th\u00e9rapeute, et qui veillera au bon d\u00e9roulement de&hellip; <\/p>\n<p class=\"toivo-read-more\"><a href=\"https:\/\/artherapievirtus.org\/R-A-I-V-I\/index.php\/2017\/10\/26\/message-de-bd-a-lattention-du-groupe-de-chambray-les-tours\/\" class=\"more-link\">Lire la suite <span class=\"screen-reader-text\">Message de BD \u00e0 l&rsquo;attention du groupe de Chambray-l\u00e8s-Tours<\/span><\/a><\/p>\n<div class=\"sharedaddy sd-sharing-enabled\"><div class=\"robots-nocontent sd-block sd-social sd-social-official sd-sharing\"><h3 class=\"sd-title\">Partager\u00a0:<\/h3><div class=\"sd-content\"><ul><li class=\"share-facebook\"><div class=\"fb-share-button\" data-href=\"https:\/\/artherapievirtus.org\/R-A-I-V-I\/index.php\/2017\/10\/26\/message-de-bd-a-lattention-du-groupe-de-chambray-les-tours\/\" data-layout=\"button_count\"><\/div><\/li><li class=\"share-linkedin\"><div class=\"linkedin_button\"><script type=\"in\/share\" data-url=\"https:\/\/artherapievirtus.org\/R-A-I-V-I\/index.php\/2017\/10\/26\/message-de-bd-a-lattention-du-groupe-de-chambray-les-tours\/\" data-counter=\"right\"><\/script><\/div><\/li><li class=\"share-twitter\"><a href=\"https:\/\/twitter.com\/share\" class=\"twitter-share-button\" data-url=\"https:\/\/artherapievirtus.org\/R-A-I-V-I\/index.php\/2017\/10\/26\/message-de-bd-a-lattention-du-groupe-de-chambray-les-tours\/\" data-text=\"Message de BD \u00e0 l&#039;attention du groupe de Chambray-l\u00e8s-Tours\"  >Tweet<\/a><\/li><li class=\"share-end\"><\/li><\/ul><\/div><\/div><\/div>","protected":false},"author":14,"featured_media":0,"comment_status":"open","ping_status":"open","sticky":false,"template":"","format":"standard","meta":{"spay_email":"","jetpack_publicize_message":"","jetpack_is_tweetstorm":false},"categories":[44,248],"tags":[249],"jetpack_featured_media_url":"","jetpack_publicize_connections":[],"jetpack_sharing_enabled":true,"jetpack_shortlink":"https:\/\/wp.me\/p86Owe-10s","jetpack_likes_enabled":true,"_links":{"self":[{"href":"https:\/\/artherapievirtus.org\/R-A-I-V-I\/index.php\/wp-json\/wp\/v2\/posts\/3872"}],"collection":[{"href":"https:\/\/artherapievirtus.org\/R-A-I-V-I\/index.php\/wp-json\/wp\/v2\/posts"}],"about":[{"href":"https:\/\/artherapievirtus.org\/R-A-I-V-I\/index.php\/wp-json\/wp\/v2\/types\/post"}],"author":[{"embeddable":true,"href":"https:\/\/artherapievirtus.org\/R-A-I-V-I\/index.php\/wp-json\/wp\/v2\/users\/14"}],"replies":[{"embeddable":true,"href":"https:\/\/artherapievirtus.org\/R-A-I-V-I\/index.php\/wp-json\/wp\/v2\/comments?post=3872"}],"version-history":[{"count":5,"href":"https:\/\/artherapievirtus.org\/R-A-I-V-I\/index.php\/wp-json\/wp\/v2\/posts\/3872\/revisions"}],"predecessor-version":[{"id":4052,"href":"https:\/\/artherapievirtus.org\/R-A-I-V-I\/index.php\/wp-json\/wp\/v2\/posts\/3872\/revisions\/4052"}],"wp:attachment":[{"href":"https:\/\/artherapievirtus.org\/R-A-I-V-I\/index.php\/wp-json\/wp\/v2\/media?parent=3872"}],"wp:term":[{"taxonomy":"category","embeddable":true,"href":"https:\/\/artherapievirtus.org\/R-A-I-V-I\/index.php\/wp-json\/wp\/v2\/categories?post=3872"},{"taxonomy":"post_tag","embeddable":true,"href":"https:\/\/artherapievirtus.org\/R-A-I-V-I\/index.php\/wp-json\/wp\/v2\/tags?post=3872"}],"curies":[{"name":"wp","href":"https:\/\/api.w.org\/{rel}","templated":true}]}}