{"id":3869,"date":"2017-10-25T09:25:10","date_gmt":"2017-10-25T07:25:10","guid":{"rendered":"http:\/\/artherapievirtus.org\/R-A-I-V-I\/?p=3869"},"modified":"2017-10-25T09:28:57","modified_gmt":"2017-10-25T07:28:57","slug":"bd-a-propos-du-blogue","status":"publish","type":"post","link":"https:\/\/artherapievirtus.org\/R-A-I-V-I\/index.php\/2017\/10\/25\/bd-a-propos-du-blogue\/","title":{"rendered":"BD \u2013 A propos du blogue"},"content":{"rendered":"<p>Je suis sur ce blogue car j&rsquo;aime ce que j&rsquo;y fais. J&rsquo;aime nager dans les formes et les couleurs c&rsquo;est super, et, comme je l&rsquo;ai \u00e9crit plusieurs fois, je voudrais aussi transmettre ce c\u00f4t\u00e9 \u00ab\u00a0voyager\u00a0\u00bb \u00e0 travers l&rsquo;Art-Th\u00e9rapie, montrer qu&rsquo;on le peut tous, il suffit juste d&rsquo;essayer \ud83d\ude42 par tous les moyens en d\u00e9couverte.<\/p>\n<p>Quand je fais \u00a0les choses je les\u00a0 fais avec authenticit\u00e9.\u00a0 Oui quand on me propose de faire un tableau ou de travailler sur un th\u00e8me, je le fais et \u00e7a c&rsquo;est B\u00e9atrice qui le d\u00e9cide et non mes personnalit\u00e9s, ne confondons pas. \u00a0Oui effectivement elles sont l\u00e0 , mais \u00a0je sais ce que je souhaite car c&rsquo;est clair dans ma t\u00eate, sinon je ne serais pas l\u00e0 . Je trouve aussi, en ce qui me concerne, que c&rsquo;est de cette mani\u00e8re qu&rsquo;on peut \u00e9voluer, et changer. C&rsquo;est toujours une situation enrichissante d\u2019apprendre avec les autres, vis et versa. \u00c7a nous permet aussi de regarder avec bienveillance le travail des autres, \u00e7a nous permet aussi de pouvoir avoir un autre regard plus positif concernant des situations. Et je trouve beau aussi de pouvoir partager mon travail. Si cela peut aider, \u00e7a aussi \u00a0je trouve que c&rsquo;est bien.<\/p>\n<p>On ne m&rsquo;oblige en rien , je ne fais rien non plus \u00e0 contre c\u0153ur, je le fais avec plaisir, et le plaisir de faire partager mes dessins, Et c&rsquo;est cela qui me pla\u00eet aussi sur le blogue. Cette libert\u00e9 d&rsquo;expression et de pouvoir d\u00e9cider aussi, et de pouvoir prendre son temps, pas de travail \u00e0 coups de fouet .<\/p>\n<p>Je trouve sympa que des personnes puissent avoir les moyens de s&rsquo;exprimer comme elles le souhaitent. \u00a0Avoir le droit c&rsquo;est important, m\u00eame si les avis peuvent parfois ne pas \u00eatre les m\u00eames, qu&rsquo;il y ait \u00a0des divergences, mais je me dis qu&rsquo;on peut toujours en retenir du positif cela nous permet d&rsquo;avancer de r\u00e9fl\u00e9chir, d&rsquo;\u00e9changer l\u00e0-dessus, sans chercher \u00e0 semer la zizanie ou autre.<\/p>\n<p>Du moment que toutes ces situations restent dans la bienveillance,\u00a0 sans aucun jugement, dans l&rsquo;\u00e9coute on peut apprendre beaucoup, et r\u00e9aliser aussi, et partager et apprendre. C&rsquo;est cela que la vie nous apporte nous permet de faire, et ce blogue me permet de le faire aussi.<\/p>\n<p>Et oui \u00e7a fait plaisir d&rsquo;entendre des mots agr\u00e9ables concernant mon travail, mais ce n&rsquo;est pas pour autant que je vais me la \u00ab\u00a0p\u00e9ter \u00bb ou prendre la \u00ab\u00a0grosse t\u00eate\u00a0\u00bb, car je trouve important de rester soi-m\u00eame. Pas de \u00ab\u00a0double visage\u00a0\u00bb pas de coup foireux ou autre, \u00e7a n&rsquo;apporte rien sauf des histoires ! Ma place ne serait pas l\u00e0.<\/p>\n<p>Maintenant comme je l&rsquo;ai d\u00e9j\u00e0 \u00e9crit : des mauvaises langues il y en aura toujours et partout, pour d\u00e9monter les personnes, les faire souffrir gratuitement, les humilier, et j&rsquo;en passe. Et \u00e7a, en ce qui me concerne, je m&rsquo;en balance royalement, car tout simplement je dis quand on appr\u00e9cie les personnes, alors qu&rsquo;on les regarde avec bienveillance etc. qu&rsquo;on les accepte telles qu&rsquo;elles sont r\u00e9ellement sans \u00e9couter les \u00ab\u00a0on dit\u00a0\u00bb \u00e7a remporte tout c&rsquo;est ce qui compte le plus pour moi. La vie est assez compliqu\u00e9e alors pourquoi en rajouter, je n&rsquo;en vois pas l\u2019int\u00e9r\u00eat ! C&rsquo;est pareil on ne peut obliger personne \u00e0 croire en les personnes, y compris dans leurs dires, et dans les \u00ab\u00a0on dit\u00a0\u00bb.<\/p>\n<p>Rester soi-m\u00eame voil\u00e0&#8230; Ne doutez \u00a0pas concernant ce blogue et les personnes qui s&rsquo;y trouvent. \u00a0En ce qui me concerne je ne doute pas, car tout simplement on ne serait pas l\u00e0 \u00a0comme vous toutes, \u00e0 vouloir montrer, transmettre toutes ses situations, chacune \u00e0 notre fa\u00e7on, essayer toujours : un pas de plus, rien de plus fort et de beau&#8230;<\/p>\n<p>Bon je m&rsquo;arr\u00eate l\u00e0 car sinon, je vais vous parler de l\u2019entraide et je vais encore tourner en rond&#8230; et comme un tableau m&rsquo;attend, \u00a0donc \u00a0au boulot ! Et arr\u00eatez de douter car sinon \u00a0je vais vous \u00a0manger et vous ruminer \ud83d\ude42<\/p>\n<p>Dans ma t\u00eate \u00a0c&rsquo;est clair, pas d&rsquo;histoire ou de col\u00e8re rien, juste envie de pers\u00e9v\u00e9rer \ud83d\ude42<\/p>\n<div class=\"sharedaddy sd-sharing-enabled\"><div class=\"robots-nocontent sd-block sd-social sd-social-official sd-sharing\"><h3 class=\"sd-title\">Partager\u00a0:<\/h3><div class=\"sd-content\"><ul><li class=\"share-facebook\"><div class=\"fb-share-button\" data-href=\"https:\/\/artherapievirtus.org\/R-A-I-V-I\/index.php\/2017\/10\/25\/bd-a-propos-du-blogue\/\" data-layout=\"button_count\"><\/div><\/li><li class=\"share-linkedin\"><div class=\"linkedin_button\"><script type=\"in\/share\" data-url=\"https:\/\/artherapievirtus.org\/R-A-I-V-I\/index.php\/2017\/10\/25\/bd-a-propos-du-blogue\/\" data-counter=\"right\"><\/script><\/div><\/li><li class=\"share-twitter\"><a href=\"https:\/\/twitter.com\/share\" class=\"twitter-share-button\" data-url=\"https:\/\/artherapievirtus.org\/R-A-I-V-I\/index.php\/2017\/10\/25\/bd-a-propos-du-blogue\/\" data-text=\"BD \u2013 A propos du blogue\"  >Tweet<\/a><\/li><li class=\"share-end\"><\/li><\/ul><\/div><\/div><\/div>","protected":false},"excerpt":{"rendered":"<p>Je suis sur ce blogue car j&rsquo;aime ce que j&rsquo;y fais. J&rsquo;aime nager dans les formes et les couleurs c&rsquo;est super, et, comme je l&rsquo;ai \u00e9crit plusieurs fois, je voudrais aussi transmettre ce c\u00f4t\u00e9 \u00ab\u00a0voyager\u00a0\u00bb \u00e0 travers l&rsquo;Art-Th\u00e9rapie, montrer qu&rsquo;on le peut tous, il suffit juste d&rsquo;essayer \ud83d\ude42 par tous les moyens en d\u00e9couverte. Quand&hellip; <\/p>\n<p class=\"toivo-read-more\"><a href=\"https:\/\/artherapievirtus.org\/R-A-I-V-I\/index.php\/2017\/10\/25\/bd-a-propos-du-blogue\/\" class=\"more-link\">Lire la suite <span class=\"screen-reader-text\">BD \u2013 A propos du blogue<\/span><\/a><\/p>\n<div class=\"sharedaddy sd-sharing-enabled\"><div class=\"robots-nocontent sd-block sd-social sd-social-official sd-sharing\"><h3 class=\"sd-title\">Partager\u00a0:<\/h3><div class=\"sd-content\"><ul><li class=\"share-facebook\"><div class=\"fb-share-button\" data-href=\"https:\/\/artherapievirtus.org\/R-A-I-V-I\/index.php\/2017\/10\/25\/bd-a-propos-du-blogue\/\" data-layout=\"button_count\"><\/div><\/li><li class=\"share-linkedin\"><div class=\"linkedin_button\"><script type=\"in\/share\" data-url=\"https:\/\/artherapievirtus.org\/R-A-I-V-I\/index.php\/2017\/10\/25\/bd-a-propos-du-blogue\/\" data-counter=\"right\"><\/script><\/div><\/li><li class=\"share-twitter\"><a href=\"https:\/\/twitter.com\/share\" class=\"twitter-share-button\" data-url=\"https:\/\/artherapievirtus.org\/R-A-I-V-I\/index.php\/2017\/10\/25\/bd-a-propos-du-blogue\/\" data-text=\"BD \u2013 A propos du blogue\"  >Tweet<\/a><\/li><li class=\"share-end\"><\/li><\/ul><\/div><\/div><\/div>","protected":false},"author":14,"featured_media":0,"comment_status":"open","ping_status":"open","sticky":false,"template":"","format":"standard","meta":{"spay_email":"","jetpack_publicize_message":"","jetpack_is_tweetstorm":false},"categories":[248],"tags":[249],"jetpack_featured_media_url":"","jetpack_publicize_connections":[],"jetpack_sharing_enabled":true,"jetpack_shortlink":"https:\/\/wp.me\/p86Owe-10p","jetpack_likes_enabled":true,"_links":{"self":[{"href":"https:\/\/artherapievirtus.org\/R-A-I-V-I\/index.php\/wp-json\/wp\/v2\/posts\/3869"}],"collection":[{"href":"https:\/\/artherapievirtus.org\/R-A-I-V-I\/index.php\/wp-json\/wp\/v2\/posts"}],"about":[{"href":"https:\/\/artherapievirtus.org\/R-A-I-V-I\/index.php\/wp-json\/wp\/v2\/types\/post"}],"author":[{"embeddable":true,"href":"https:\/\/artherapievirtus.org\/R-A-I-V-I\/index.php\/wp-json\/wp\/v2\/users\/14"}],"replies":[{"embeddable":true,"href":"https:\/\/artherapievirtus.org\/R-A-I-V-I\/index.php\/wp-json\/wp\/v2\/comments?post=3869"}],"version-history":[{"count":1,"href":"https:\/\/artherapievirtus.org\/R-A-I-V-I\/index.php\/wp-json\/wp\/v2\/posts\/3869\/revisions"}],"predecessor-version":[{"id":3870,"href":"https:\/\/artherapievirtus.org\/R-A-I-V-I\/index.php\/wp-json\/wp\/v2\/posts\/3869\/revisions\/3870"}],"wp:attachment":[{"href":"https:\/\/artherapievirtus.org\/R-A-I-V-I\/index.php\/wp-json\/wp\/v2\/media?parent=3869"}],"wp:term":[{"taxonomy":"category","embeddable":true,"href":"https:\/\/artherapievirtus.org\/R-A-I-V-I\/index.php\/wp-json\/wp\/v2\/categories?post=3869"},{"taxonomy":"post_tag","embeddable":true,"href":"https:\/\/artherapievirtus.org\/R-A-I-V-I\/index.php\/wp-json\/wp\/v2\/tags?post=3869"}],"curies":[{"name":"wp","href":"https:\/\/api.w.org\/{rel}","templated":true}]}}