{"id":3832,"date":"2017-09-13T17:07:54","date_gmt":"2017-09-13T15:07:54","guid":{"rendered":"http:\/\/artherapievirtus.org\/R-A-I-V-I\/?p=3832"},"modified":"2020-08-12T21:41:56","modified_gmt":"2020-08-12T19:41:56","slug":"3832","status":"publish","type":"post","link":"https:\/\/artherapievirtus.org\/R-A-I-V-I\/index.php\/2017\/09\/13\/3832\/","title":{"rendered":""},"content":{"rendered":"<div id=\"pl-3832\"  class=\"panel-layout\" ><div id=\"pg-3832-0\"  class=\"panel-grid panel-no-style\" ><div id=\"pgc-3832-0-0\"  class=\"panel-grid-cell\" ><div id=\"panel-3832-0-0-0\" class=\"so-panel widget widget_text panel-first-child panel-last-child\" data-index=\"0\" >\t\t\t<div class=\"textwidget\"><h3><a href=\"http:\/\/artherapievirtus.org\/R-A-I-V-I\/index.php\/lobjet-de-ce-blogue-collaboratif\/\" target=\"_blank\" rel=\"noopener noreferrer\"><span style=\"color: #333399;\">L&rsquo;objet de ce blogue collaboratif<\/span><\/a><\/h3>\n<p>Les interventions\/ateliers \u2013 \u00e9criture des lettres \u2013 Exercices pratiques par l&rsquo;Art-Th\u00e9rapie \u2013 sont compl\u00e9mentaires \u00e0 tout parcours m\u00e9dical obligatoire et ne peuvent pas le remplacer. Les interventions peuvent \u00eatre r\u00e9alis\u00e9es en collaboration avec les psychologues ou psychiatres, h\u00f4pitaux, centres de soins ou pr\u00e9ventions&#8230;<br \/>\nNos services accompagnent les praticiens et professionnels de sant\u00e9 dans leur compr\u00e9hension de la dissociation p\u00e9ri-traumatique.<\/p>\n<\/div>\n\t\t<\/div><\/div><\/div><div id=\"pg-3832-1\"  class=\"panel-grid panel-no-style\" ><div id=\"pgc-3832-1-0\"  class=\"panel-grid-cell\" ><div id=\"panel-3832-1-0-0\" class=\"so-panel widget widget_media_image panel-first-child panel-last-child\" data-index=\"1\" ><a href=\"https:\/\/www.decitre.fr\/livres\/gerer-la-dissociation-d-originie-traumatique-9782807307889.html\" target=\"_blank\" rel=\"noopener\"><img width=\"201\" height=\"300\" src=\"https:\/\/artherapievirtus.org\/R-A-I-V-I\/wp-content\/uploads\/2017\/05\/Livre-ge\u0301rer-la-dissociation-201x300.jpg\" class=\"image wp-image-2455  attachment-medium size-medium\" alt=\"Livre\" loading=\"lazy\" style=\"max-width: 100%; height: auto;\" srcset=\"https:\/\/artherapievirtus.org\/R-A-I-V-I\/wp-content\/uploads\/2017\/05\/Livre-ge\u0301rer-la-dissociation-201x300.jpg 201w, https:\/\/artherapievirtus.org\/R-A-I-V-I\/wp-content\/uploads\/2017\/05\/Livre-ge\u0301rer-la-dissociation-768x1147.jpg 768w, https:\/\/artherapievirtus.org\/R-A-I-V-I\/wp-content\/uploads\/2017\/05\/Livre-ge\u0301rer-la-dissociation-686x1024.jpg 686w, https:\/\/artherapievirtus.org\/R-A-I-V-I\/wp-content\/uploads\/2017\/05\/Livre-ge\u0301rer-la-dissociation-e1493706738591.jpg 150w\" sizes=\"(max-width: 201px) 100vw, 201px\" \/><\/a><\/div><\/div><div id=\"pgc-3832-1-1\"  class=\"panel-grid-cell\" ><div id=\"panel-3832-1-1-0\" class=\"so-panel widget widget_text panel-first-child panel-last-child\" data-index=\"2\" >\t\t\t<div class=\"textwidget\"><p><strong>Pr\u00e9face fran\u00e7aise de la Dre Muriel Salmona<\/strong><br \/>\n<em> page 16 du livre<\/em><br \/>\n<em> Et il pallie la m\u00e9connaissance, la sous-estimation et l\u2019incompr\u00e9hension qui entravent l\u2019identification des violences et de leurs cons\u00e9quences psychotraumatiques. Restituer aux victimes traumatis\u00e9es une parole, une coh\u00e9rence, une v\u00e9rit\u00e9, une solidarit\u00e9 et des droits dont elles sont priv\u00e9s. Redonner du sens dans ce qui leur arrive, est une n\u00e9cessit\u00e9 absolue.<\/em><\/p>\n<\/div>\n\t\t<\/div><\/div><\/div><div id=\"pg-3832-2\"  class=\"panel-grid panel-no-style\" ><div id=\"pgc-3832-2-0\"  class=\"panel-grid-cell\" ><div id=\"panel-3832-2-0-0\" class=\"so-panel widget widget_text panel-first-child panel-last-child\" data-index=\"3\" >\t\t\t<div class=\"textwidget\">\r\n\t<div class=\"slideshow_container slideshow_container_style-light\" style=\"height: 500px; \" data-slideshow-id=\"2025\" data-style-name=\"style-light\" data-style-version=\"2.3.1\" >\r\n\r\n\t\t\t\t\t<div class=\"slideshow_loading_icon\"><\/div>\r\n\t\t\r\n\t\t<div class=\"slideshow_content\" style=\"display: none;\">\r\n\r\n\t\t\t<div class=\"slideshow_view\">\r\n\t\t\t\t<div class=\"slideshow_slide slideshow_slide_image\">\r\n\t\t\t\t\t\t\t\t\t\t\t<img src=\"https:\/\/artherapievirtus.org\/R-A-I-V-I\/wp-content\/uploads\/2017\/02\/DSC04938.jpg\" alt=\"DSC04938\" width=\"3648\" height=\"2736\" \/>\r\n\t\t\t\t\t\t\t\t\t\t<div class=\"slideshow_description_box slideshow_transparent\">\r\n\t\t\t\t\t\t<div class=\"slideshow_title\">DSC04938<\/div>\t\t\t\t\t\t\t\t\t\t\t<\/div>\r\n\t\t\t\t<\/div>\r\n\r\n\t\t\t\t\t\t<div style=\"clear: both;\"><\/div><\/div><div class=\"slideshow_view\">\r\n\t\t\t\t<div class=\"slideshow_slide slideshow_slide_image\">\r\n\t\t\t\t\t\t\t\t\t\t\t<img src=\"https:\/\/artherapievirtus.org\/R-A-I-V-I\/wp-content\/uploads\/2017\/02\/Petit-plateau-6.jpg\" alt=\"Petit plateau 6\" width=\"784\" height=\"768\" \/>\r\n\t\t\t\t\t\t\t\t\t\t<div class=\"slideshow_description_box slideshow_transparent\">\r\n\t\t\t\t\t\t<div class=\"slideshow_title\">Petit plateau 6<\/div>\t\t\t\t\t\t\t\t\t\t\t<\/div>\r\n\t\t\t\t<\/div>\r\n\r\n\t\t\t\t\t\t<div style=\"clear: both;\"><\/div><\/div><div class=\"slideshow_view\">\r\n\t\t\t\t<div class=\"slideshow_slide slideshow_slide_image\">\r\n\t\t\t\t\t\t\t\t\t\t\t<img src=\"https:\/\/artherapievirtus.org\/R-A-I-V-I\/wp-content\/uploads\/2017\/02\/DSC04923.jpg\" alt=\"DSC04923\" width=\"3648\" height=\"2736\" \/>\r\n\t\t\t\t\t\t\t\t\t\t<div class=\"slideshow_description_box slideshow_transparent\">\r\n\t\t\t\t\t\t<div class=\"slideshow_title\">DSC04923<\/div>\t\t\t\t\t\t\t\t\t\t\t<\/div>\r\n\t\t\t\t<\/div>\r\n\r\n\t\t\t\t\t\t<div style=\"clear: both;\"><\/div><\/div>\r\n\t\t<\/div>\r\n\r\n\t\t<div class=\"slideshow_controlPanel slideshow_transparent\" style=\"display: none;\"><ul><li class=\"slideshow_togglePlay\" data-play-text=\"Play\" data-pause-text=\"Pause\"><\/li><\/ul><\/div>\r\n\r\n\t\t<div class=\"slideshow_button slideshow_previous slideshow_transparent\" role=\"button\" data-previous-text=\"Pr\u00e9c\u00e9dent\" style=\"display: none;\"><\/div>\r\n\t\t<div class=\"slideshow_button slideshow_next slideshow_transparent\" role=\"button\" data-next-text=\"Suivant\" style=\"display: none;\"><\/div>\r\n\r\n\t\t<div class=\"slideshow_pagination\" style=\"display: none;\" data-go-to-text=\"Go to slide\"><div class=\"slideshow_pagination_center\"><\/div><\/div>\r\n\r\n\t\t<!-- WordPress Slideshow Version 2.3.1 -->\r\n\r\n\t\t\t<\/div>\r\n\r\n\n<\/div>\n\t\t<\/div><\/div><\/div><div id=\"pg-3832-3\"  class=\"panel-grid panel-no-style\" ><div id=\"pgc-3832-3-0\"  class=\"panel-grid-cell\" ><div id=\"panel-3832-3-0-0\" class=\"so-panel widget widget_media_image panel-first-child panel-last-child\" data-index=\"4\" ><a href=\"https:\/\/artherapievirtus.org\/R-A-I-V-I\/index.php\/soutenir-art-therapie-virtus\/\" target=\"_blank\" rel=\"noopener\"><img class=\"image \" src=\"https:\/\/artherapievirtus.org\/wp-content\/uploads\/2016\/10\/bouton-faire-un-don.png\" alt=\"Bouton faire un don\" width=\"205\" height=\"88\" \/><\/a><\/div><\/div><div id=\"pgc-3832-3-1\"  class=\"panel-grid-cell\" ><div id=\"panel-3832-3-1-0\" class=\"so-panel widget widget_text panel-first-child panel-last-child\" data-index=\"5\" ><h3 class=\"widget-title\">Nous contacter<\/h3>\t\t\t<div class=\"textwidget\"><p><a href=\"mailto:artherapievirtus@gmail.com\">Art-Th\u00e9rapie Virtus<\/a><\/p>\n<\/div>\n\t\t<\/div><\/div><\/div><\/div><div class=\"sharedaddy sd-sharing-enabled\"><div class=\"robots-nocontent sd-block sd-social sd-social-official sd-sharing\"><h3 class=\"sd-title\">Partager\u00a0:<\/h3><div class=\"sd-content\"><ul><li class=\"share-facebook\"><div class=\"fb-share-button\" data-href=\"https:\/\/artherapievirtus.org\/R-A-I-V-I\/index.php\/2017\/09\/13\/3832\/\" data-layout=\"button_count\"><\/div><\/li><li class=\"share-linkedin\"><div class=\"linkedin_button\"><script type=\"in\/share\" data-url=\"https:\/\/artherapievirtus.org\/R-A-I-V-I\/index.php\/2017\/09\/13\/3832\/\" data-counter=\"right\"><\/script><\/div><\/li><li class=\"share-twitter\"><a href=\"https:\/\/twitter.com\/share\" class=\"twitter-share-button\" data-url=\"https:\/\/artherapievirtus.org\/R-A-I-V-I\/index.php\/2017\/09\/13\/3832\/\" data-text=\"\"  >Tweet<\/a><\/li><li class=\"share-end\"><\/li><\/ul><\/div><\/div><\/div>","protected":false},"excerpt":{"rendered":"<p>L&rsquo;objet de ce blogue collaboratif Les interventions\/ateliers \u2013 \u00e9criture des lettres \u2013 Exercices pratiques par l&rsquo;Art-Th\u00e9rapie \u2013 sont compl\u00e9mentaires \u00e0 tout parcours m\u00e9dical obligatoire et ne peuvent pas le remplacer. Les interventions peuvent \u00eatre r\u00e9alis\u00e9es en collaboration avec les psychologues ou psychiatres, h\u00f4pitaux, centres de soins ou pr\u00e9ventions&#8230; Nos services accompagnent les praticiens et professionnels&hellip; <\/p>\n<p class=\"toivo-read-more\"><a href=\"https:\/\/artherapievirtus.org\/R-A-I-V-I\/index.php\/2017\/09\/13\/3832\/\" class=\"more-link\">Lire la suite <span class=\"screen-reader-text\"><\/span><\/a><\/p>\n<div class=\"sharedaddy sd-sharing-enabled\"><div class=\"robots-nocontent sd-block sd-social sd-social-official sd-sharing\"><h3 class=\"sd-title\">Partager\u00a0:<\/h3><div class=\"sd-content\"><ul><li class=\"share-facebook\"><div class=\"fb-share-button\" data-href=\"https:\/\/artherapievirtus.org\/R-A-I-V-I\/index.php\/2017\/09\/13\/3832\/\" data-layout=\"button_count\"><\/div><\/li><li class=\"share-linkedin\"><div class=\"linkedin_button\"><script type=\"in\/share\" data-url=\"https:\/\/artherapievirtus.org\/R-A-I-V-I\/index.php\/2017\/09\/13\/3832\/\" data-counter=\"right\"><\/script><\/div><\/li><li class=\"share-twitter\"><a href=\"https:\/\/twitter.com\/share\" class=\"twitter-share-button\" data-url=\"https:\/\/artherapievirtus.org\/R-A-I-V-I\/index.php\/2017\/09\/13\/3832\/\" data-text=\"\"  >Tweet<\/a><\/li><li class=\"share-end\"><\/li><\/ul><\/div><\/div><\/div>","protected":false},"author":10,"featured_media":0,"comment_status":"open","ping_status":"open","sticky":true,"template":"","format":"standard","meta":{"spay_email":"","jetpack_publicize_message":"","jetpack_is_tweetstorm":false},"categories":[1],"tags":[],"jetpack_featured_media_url":"","jetpack_publicize_connections":[],"jetpack_sharing_enabled":true,"jetpack_shortlink":"https:\/\/wp.me\/s86Owe-3832","jetpack_likes_enabled":true,"_links":{"self":[{"href":"https:\/\/artherapievirtus.org\/R-A-I-V-I\/index.php\/wp-json\/wp\/v2\/posts\/3832"}],"collection":[{"href":"https:\/\/artherapievirtus.org\/R-A-I-V-I\/index.php\/wp-json\/wp\/v2\/posts"}],"about":[{"href":"https:\/\/artherapievirtus.org\/R-A-I-V-I\/index.php\/wp-json\/wp\/v2\/types\/post"}],"author":[{"embeddable":true,"href":"https:\/\/artherapievirtus.org\/R-A-I-V-I\/index.php\/wp-json\/wp\/v2\/users\/10"}],"replies":[{"embeddable":true,"href":"https:\/\/artherapievirtus.org\/R-A-I-V-I\/index.php\/wp-json\/wp\/v2\/comments?post=3832"}],"version-history":[{"count":51,"href":"https:\/\/artherapievirtus.org\/R-A-I-V-I\/index.php\/wp-json\/wp\/v2\/posts\/3832\/revisions"}],"predecessor-version":[{"id":4097,"href":"https:\/\/artherapievirtus.org\/R-A-I-V-I\/index.php\/wp-json\/wp\/v2\/posts\/3832\/revisions\/4097"}],"wp:attachment":[{"href":"https:\/\/artherapievirtus.org\/R-A-I-V-I\/index.php\/wp-json\/wp\/v2\/media?parent=3832"}],"wp:term":[{"taxonomy":"category","embeddable":true,"href":"https:\/\/artherapievirtus.org\/R-A-I-V-I\/index.php\/wp-json\/wp\/v2\/categories?post=3832"},{"taxonomy":"post_tag","embeddable":true,"href":"https:\/\/artherapievirtus.org\/R-A-I-V-I\/index.php\/wp-json\/wp\/v2\/tags?post=3832"}],"curies":[{"name":"wp","href":"https:\/\/api.w.org\/{rel}","templated":true}]}}