{"id":2548,"date":"2017-05-06T08:56:34","date_gmt":"2017-05-06T06:56:34","guid":{"rendered":"http:\/\/artherapievirtus.org\/R-A-I-V-I\/?p=2548"},"modified":"2017-05-06T08:56:34","modified_gmt":"2017-05-06T06:56:34","slug":"lart-de-la-rencontre-avec-louis-jehel","status":"publish","type":"post","link":"https:\/\/artherapievirtus.org\/R-A-I-V-I\/index.php\/2017\/05\/06\/lart-de-la-rencontre-avec-louis-jehel\/","title":{"rendered":"L&rsquo;art de la rencontre avec Louis Jehel"},"content":{"rendered":"<p>Le Professeur Raymund Schwan et le Docteur Catherine Pichen\u00e9 m\u00e8nent un entretien avec le Professeur Louis Jehel sur le sujet de l&rsquo;art de la rencontre, th\u00e8me du Congr\u00e8s National de la FTLSU qui aura lieu du 17 au 21 septembre 2012 \u00e0 Nancy. www.lartdelarencontre.fr<br \/>\n<iframe loading=\"lazy\" src=\"https:\/\/www.youtube.com\/embed\/cWyKMuXSZQM\" width=\"560\" height=\"315\" frameborder=\"0\" allowfullscreen=\"allowfullscreen\"><\/iframe><\/p>\n<div class=\"sharedaddy sd-sharing-enabled\"><div class=\"robots-nocontent sd-block sd-social sd-social-official sd-sharing\"><h3 class=\"sd-title\">Partager\u00a0:<\/h3><div class=\"sd-content\"><ul><li class=\"share-facebook\"><div class=\"fb-share-button\" data-href=\"https:\/\/artherapievirtus.org\/R-A-I-V-I\/index.php\/2017\/05\/06\/lart-de-la-rencontre-avec-louis-jehel\/\" data-layout=\"button_count\"><\/div><\/li><li class=\"share-linkedin\"><div class=\"linkedin_button\"><script type=\"in\/share\" data-url=\"https:\/\/artherapievirtus.org\/R-A-I-V-I\/index.php\/2017\/05\/06\/lart-de-la-rencontre-avec-louis-jehel\/\" data-counter=\"right\"><\/script><\/div><\/li><li class=\"share-twitter\"><a href=\"https:\/\/twitter.com\/share\" class=\"twitter-share-button\" data-url=\"https:\/\/artherapievirtus.org\/R-A-I-V-I\/index.php\/2017\/05\/06\/lart-de-la-rencontre-avec-louis-jehel\/\" data-text=\"L&#039;art de la rencontre avec Louis Jehel\"  >Tweet<\/a><\/li><li class=\"share-end\"><\/li><\/ul><\/div><\/div><\/div>","protected":false},"excerpt":{"rendered":"<p>Le Professeur Raymund Schwan et le Docteur Catherine Pichen\u00e9 m\u00e8nent un entretien avec le Professeur Louis Jehel sur le sujet de l&rsquo;art de la rencontre, th\u00e8me du Congr\u00e8s National de la FTLSU qui aura lieu du 17 au 21 septembre 2012 \u00e0 Nancy. www.lartdelarencontre.fr<\/p>\n<div class=\"sharedaddy sd-sharing-enabled\"><div class=\"robots-nocontent sd-block sd-social sd-social-official sd-sharing\"><h3 class=\"sd-title\">Partager\u00a0:<\/h3><div class=\"sd-content\"><ul><li class=\"share-facebook\"><div class=\"fb-share-button\" data-href=\"https:\/\/artherapievirtus.org\/R-A-I-V-I\/index.php\/2017\/05\/06\/lart-de-la-rencontre-avec-louis-jehel\/\" data-layout=\"button_count\"><\/div><\/li><li class=\"share-linkedin\"><div class=\"linkedin_button\"><script type=\"in\/share\" data-url=\"https:\/\/artherapievirtus.org\/R-A-I-V-I\/index.php\/2017\/05\/06\/lart-de-la-rencontre-avec-louis-jehel\/\" data-counter=\"right\"><\/script><\/div><\/li><li class=\"share-twitter\"><a href=\"https:\/\/twitter.com\/share\" class=\"twitter-share-button\" data-url=\"https:\/\/artherapievirtus.org\/R-A-I-V-I\/index.php\/2017\/05\/06\/lart-de-la-rencontre-avec-louis-jehel\/\" data-text=\"L&#039;art de la rencontre avec Louis Jehel\"  >Tweet<\/a><\/li><li class=\"share-end\"><\/li><\/ul><\/div><\/div><\/div>","protected":false},"author":2,"featured_media":0,"comment_status":"open","ping_status":"open","sticky":false,"template":"","format":"standard","meta":{"spay_email":"","jetpack_publicize_message":"","jetpack_is_tweetstorm":false},"categories":[6],"tags":[191],"jetpack_featured_media_url":"","jetpack_publicize_connections":[],"jetpack_sharing_enabled":true,"jetpack_shortlink":"https:\/\/wp.me\/p86Owe-F6","jetpack_likes_enabled":true,"_links":{"self":[{"href":"https:\/\/artherapievirtus.org\/R-A-I-V-I\/index.php\/wp-json\/wp\/v2\/posts\/2548"}],"collection":[{"href":"https:\/\/artherapievirtus.org\/R-A-I-V-I\/index.php\/wp-json\/wp\/v2\/posts"}],"about":[{"href":"https:\/\/artherapievirtus.org\/R-A-I-V-I\/index.php\/wp-json\/wp\/v2\/types\/post"}],"author":[{"embeddable":true,"href":"https:\/\/artherapievirtus.org\/R-A-I-V-I\/index.php\/wp-json\/wp\/v2\/users\/2"}],"replies":[{"embeddable":true,"href":"https:\/\/artherapievirtus.org\/R-A-I-V-I\/index.php\/wp-json\/wp\/v2\/comments?post=2548"}],"version-history":[{"count":1,"href":"https:\/\/artherapievirtus.org\/R-A-I-V-I\/index.php\/wp-json\/wp\/v2\/posts\/2548\/revisions"}],"predecessor-version":[{"id":2549,"href":"https:\/\/artherapievirtus.org\/R-A-I-V-I\/index.php\/wp-json\/wp\/v2\/posts\/2548\/revisions\/2549"}],"wp:attachment":[{"href":"https:\/\/artherapievirtus.org\/R-A-I-V-I\/index.php\/wp-json\/wp\/v2\/media?parent=2548"}],"wp:term":[{"taxonomy":"category","embeddable":true,"href":"https:\/\/artherapievirtus.org\/R-A-I-V-I\/index.php\/wp-json\/wp\/v2\/categories?post=2548"},{"taxonomy":"post_tag","embeddable":true,"href":"https:\/\/artherapievirtus.org\/R-A-I-V-I\/index.php\/wp-json\/wp\/v2\/tags?post=2548"}],"curies":[{"name":"wp","href":"https:\/\/api.w.org\/{rel}","templated":true}]}}