{"id":1491,"date":"2002-08-29T12:43:37","date_gmt":"2002-08-29T10:43:37","guid":{"rendered":"http:\/\/artherapievirtus.org\/R-A-I-V-I\/?p=1491"},"modified":"2017-01-29T12:58:05","modified_gmt":"2017-01-29T11:58:05","slug":"livre-jean-paul-petit-des-images-a-loeuvre-le-travail-de-collage-comme-mise-en-lien","status":"publish","type":"post","link":"https:\/\/artherapievirtus.org\/R-A-I-V-I\/index.php\/2002\/08\/29\/livre-jean-paul-petit-des-images-a-loeuvre-le-travail-de-collage-comme-mise-en-lien\/","title":{"rendered":"Livre \u2013\u00a0Jean-Paul Petit \u2013 Des images \u00e0 l&rsquo;\u0153uvre : Le travail de collage comme mise en lien"},"content":{"rendered":"<p><a href=\"http:\/\/www.priceminister.com\/mfp\/5326318\/pratiquer-les-mediations-en-groupes-therapeutiques-claudine-vacheret?pid=1083652\" target=\"_blank\"><img loading=\"lazy\" class=\"size-full wp-image-1494 alignleft\" src=\"http:\/\/artherapievirtus.org\/R-A-I-V-I\/wp-content\/uploads\/2017\/01\/Vacheret-Claudine-Pratiquer-Les-Mediations-En-Groupes-Therapeutiques-Livre-896906088_ML.jpg\" alt=\"\" width=\"270\" height=\"270\" srcset=\"https:\/\/artherapievirtus.org\/R-A-I-V-I\/wp-content\/uploads\/2017\/01\/Vacheret-Claudine-Pratiquer-Les-Mediations-En-Groupes-Therapeutiques-Livre-896906088_ML.jpg 270w, https:\/\/artherapievirtus.org\/R-A-I-V-I\/wp-content\/uploads\/2017\/01\/Vacheret-Claudine-Pratiquer-Les-Mediations-En-Groupes-Therapeutiques-Livre-896906088_ML-150x150.jpg 150w, https:\/\/artherapievirtus.org\/R-A-I-V-I\/wp-content\/uploads\/2017\/01\/Vacheret-Claudine-Pratiquer-Les-Mediations-En-Groupes-Therapeutiques-Livre-896906088_ML-140x140.jpg 140w\" sizes=\"(max-width: 270px) 100vw, 270px\" \/><\/a>Auteur(s)\u00a0: Collectif &#8211; Claudine Vacheret<br \/>\n\u00c9diteur: <em>Dunod<\/em><br \/>\nParution\u00a0: <em>29\/08\/2002<\/em><br \/>\nNombre de pages\u00a0: <em>166<\/em><br \/>\nDimensions\u00a0: <em>24.00 x 15.50 x 1.50<\/em><\/p>\n<h6>R\u00e9sum\u00e9 :<\/h6>\n<p>Depuis de nombreuses ann\u00e9es, des praticiens ont mis en \u0153uvre dans le champ th\u00e9rapeutique et dans celui de la formation des dispositifs de travail psychique appel\u00e9s groupes \u00e0 m\u00e9diation . Les relations y sont m\u00e9diatis\u00e9es soit par un medium sensoriel (le sonore, les objets plastiques) soit par des objets culturels d\u00e9j\u00e0 constitu\u00e9s (le conte, la photographie). Cet ouvrage d\u00e9crit le fonctionnement de ces groupes dont le but est d&rsquo;activer ou de r\u00e9animer certains processus psychiques dans le traitement de sujets gravement perturb\u00e9s (psychotiques, toxicod\u00e9pendants, psychosomatiques) ; dans la prise en charge des personnes enclines \u00e0 l&rsquo;acting, des personnes victimes de graves traumatismes ou des sujets confront\u00e9s aux d\u00e9t\u00e9riorations du vieillissement. Ces groupes \u00e0 m\u00e9diation ne sont pas des groupes ergoth\u00e9rapeutiques. Ils poursuivent soit un but psychoth\u00e9rapeutique soit un but de formation personnelle. Ils constituent avant tout un espace d&rsquo;exp\u00e9rience et un processus transformationnel. Ils permettent \u00e0 des sujets en panne dans leur symbolisation primaire de relier production imaginaire, motricit\u00e9 et parole. La plupart de ces pratiques sont n\u00e9es de l&#8217;empirisme qu&rsquo;exigent la clinique et la cr\u00e9ativit\u00e9 des praticiens. Avec cet ouvrage, tous les professionnels \u0153uvrant dans le champ de la psychiatrie et de l&rsquo;accompagnement psychoth\u00e9rapeutique disposeront d&rsquo;une assise clinique, d&rsquo;un cadre m\u00e9thodologique et d&rsquo;une base th\u00e9orique fiable pour comprendre les pratiques et les processus psychiques de liaisons qu&rsquo;elles suscitent.<\/p>\n<p class=\"fullDescription clearfix\"><strong>Biographie:<\/strong><br \/>\nCLAUDINE VACHERET psychologue clinicienne, psychanalyste (S.P.P.) est ma\u00eetre de conf\u00e9rences \u00e0 l&rsquo;universit\u00e9 Lumi\u00e8re-Lyon 2.<\/p>\n<hr \/>\n<p><strong>Petit<\/strong>, Jean-Paul (2002). \u00ab\u00a0Des images \u00e0 l&rsquo;\u0153uvre\u00a0: Le travail de collage comme mise en lien\u00a0\u00bb dans <em>Pratiquer les m\u00e9diations en groupes th\u00e9rapeutiques<\/em> de Claudine Vacheret et collectif, Dunod.<br \/>\np. 23 \u2013 <strong>Chapitre 2. Des images \u00e0 l\u2019\u0153uvre : le travail de collage<\/strong><br \/>\n<strong> comme mise en lien, par Jean-Paul PETIT<\/strong><br \/>\np. 23 \u2013 Aux origines dans la culture<br \/>\np. 25 \u2013 Liaisons<br \/>\np. 26 \u2013 Rencontre avec les images<br \/>\np. 28 \u2013 Croisement des regards et des mots du groupe sur les images<br \/>\np. 29 \u2013 L\u2019atelier collage comme groupe d\u2019expression th\u00e9rapeutique<br \/>\np. 31 \u2013 Le temps de parole<br \/>\np. 3 \u2013 Le groupe images comme groupe de th\u00e9rapie m\u00e9diatis\u00e9e<\/p>\n<div class=\"sharedaddy sd-sharing-enabled\"><div class=\"robots-nocontent sd-block sd-social sd-social-official sd-sharing\"><h3 class=\"sd-title\">Partager\u00a0:<\/h3><div class=\"sd-content\"><ul><li class=\"share-facebook\"><div class=\"fb-share-button\" data-href=\"https:\/\/artherapievirtus.org\/R-A-I-V-I\/index.php\/2002\/08\/29\/livre-jean-paul-petit-des-images-a-loeuvre-le-travail-de-collage-comme-mise-en-lien\/\" data-layout=\"button_count\"><\/div><\/li><li class=\"share-linkedin\"><div class=\"linkedin_button\"><script type=\"in\/share\" data-url=\"https:\/\/artherapievirtus.org\/R-A-I-V-I\/index.php\/2002\/08\/29\/livre-jean-paul-petit-des-images-a-loeuvre-le-travail-de-collage-comme-mise-en-lien\/\" data-counter=\"right\"><\/script><\/div><\/li><li class=\"share-twitter\"><a href=\"https:\/\/twitter.com\/share\" class=\"twitter-share-button\" data-url=\"https:\/\/artherapievirtus.org\/R-A-I-V-I\/index.php\/2002\/08\/29\/livre-jean-paul-petit-des-images-a-loeuvre-le-travail-de-collage-comme-mise-en-lien\/\" data-text=\"Livre \u2013\u00a0Jean-Paul Petit \u2013 Des images \u00e0 l&#039;\u0153uvre : Le travail de collage comme mise en lien\"  >Tweet<\/a><\/li><li class=\"share-end\"><\/li><\/ul><\/div><\/div><\/div>","protected":false},"excerpt":{"rendered":"<p>Auteur(s)\u00a0: Collectif &#8211; Claudine Vacheret \u00c9diteur: Dunod Parution\u00a0: 29\/08\/2002 Nombre de pages\u00a0: 166 Dimensions\u00a0: 24.00 x 15.50 x 1.50 R\u00e9sum\u00e9 : Depuis de nombreuses ann\u00e9es, des praticiens ont mis en \u0153uvre dans le champ th\u00e9rapeutique et dans celui de la formation des dispositifs de travail psychique appel\u00e9s groupes \u00e0 m\u00e9diation . Les relations y sont&hellip; <\/p>\n<p class=\"toivo-read-more\"><a href=\"https:\/\/artherapievirtus.org\/R-A-I-V-I\/index.php\/2002\/08\/29\/livre-jean-paul-petit-des-images-a-loeuvre-le-travail-de-collage-comme-mise-en-lien\/\" class=\"more-link\">Lire la suite <span class=\"screen-reader-text\">Livre \u2013\u00a0Jean-Paul Petit \u2013 Des images \u00e0 l&rsquo;\u0153uvre : Le travail de collage comme mise en lien<\/span><\/a><\/p>\n<div class=\"sharedaddy sd-sharing-enabled\"><div class=\"robots-nocontent sd-block sd-social sd-social-official sd-sharing\"><h3 class=\"sd-title\">Partager\u00a0:<\/h3><div class=\"sd-content\"><ul><li class=\"share-facebook\"><div class=\"fb-share-button\" data-href=\"https:\/\/artherapievirtus.org\/R-A-I-V-I\/index.php\/2002\/08\/29\/livre-jean-paul-petit-des-images-a-loeuvre-le-travail-de-collage-comme-mise-en-lien\/\" data-layout=\"button_count\"><\/div><\/li><li class=\"share-linkedin\"><div class=\"linkedin_button\"><script type=\"in\/share\" data-url=\"https:\/\/artherapievirtus.org\/R-A-I-V-I\/index.php\/2002\/08\/29\/livre-jean-paul-petit-des-images-a-loeuvre-le-travail-de-collage-comme-mise-en-lien\/\" data-counter=\"right\"><\/script><\/div><\/li><li class=\"share-twitter\"><a href=\"https:\/\/twitter.com\/share\" class=\"twitter-share-button\" data-url=\"https:\/\/artherapievirtus.org\/R-A-I-V-I\/index.php\/2002\/08\/29\/livre-jean-paul-petit-des-images-a-loeuvre-le-travail-de-collage-comme-mise-en-lien\/\" data-text=\"Livre \u2013\u00a0Jean-Paul Petit \u2013 Des images \u00e0 l&#039;\u0153uvre : Le travail de collage comme mise en lien\"  >Tweet<\/a><\/li><li class=\"share-end\"><\/li><\/ul><\/div><\/div><\/div>","protected":false},"author":2,"featured_media":0,"comment_status":"open","ping_status":"open","sticky":false,"template":"","format":"standard","meta":{"spay_email":"","jetpack_publicize_message":"","jetpack_is_tweetstorm":false},"categories":[3],"tags":[11],"jetpack_featured_media_url":"","jetpack_publicize_connections":[],"jetpack_sharing_enabled":true,"jetpack_shortlink":"https:\/\/wp.me\/p86Owe-o3","jetpack_likes_enabled":true,"_links":{"self":[{"href":"https:\/\/artherapievirtus.org\/R-A-I-V-I\/index.php\/wp-json\/wp\/v2\/posts\/1491"}],"collection":[{"href":"https:\/\/artherapievirtus.org\/R-A-I-V-I\/index.php\/wp-json\/wp\/v2\/posts"}],"about":[{"href":"https:\/\/artherapievirtus.org\/R-A-I-V-I\/index.php\/wp-json\/wp\/v2\/types\/post"}],"author":[{"embeddable":true,"href":"https:\/\/artherapievirtus.org\/R-A-I-V-I\/index.php\/wp-json\/wp\/v2\/users\/2"}],"replies":[{"embeddable":true,"href":"https:\/\/artherapievirtus.org\/R-A-I-V-I\/index.php\/wp-json\/wp\/v2\/comments?post=1491"}],"version-history":[{"count":4,"href":"https:\/\/artherapievirtus.org\/R-A-I-V-I\/index.php\/wp-json\/wp\/v2\/posts\/1491\/revisions"}],"predecessor-version":[{"id":1496,"href":"https:\/\/artherapievirtus.org\/R-A-I-V-I\/index.php\/wp-json\/wp\/v2\/posts\/1491\/revisions\/1496"}],"wp:attachment":[{"href":"https:\/\/artherapievirtus.org\/R-A-I-V-I\/index.php\/wp-json\/wp\/v2\/media?parent=1491"}],"wp:term":[{"taxonomy":"category","embeddable":true,"href":"https:\/\/artherapievirtus.org\/R-A-I-V-I\/index.php\/wp-json\/wp\/v2\/categories?post=1491"},{"taxonomy":"post_tag","embeddable":true,"href":"https:\/\/artherapievirtus.org\/R-A-I-V-I\/index.php\/wp-json\/wp\/v2\/tags?post=1491"}],"curies":[{"name":"wp","href":"https:\/\/api.w.org\/{rel}","templated":true}]}}