{"id":500,"date":"2014-11-18T04:03:02","date_gmt":"2014-11-18T04:03:02","guid":{"rendered":"http:\/\/artherapievirtus.org\/Mosaique\/?p=500"},"modified":"2014-11-18T04:03:02","modified_gmt":"2014-11-18T04:03:02","slug":"maison-de-la-mosaique-contemporaine","status":"publish","type":"post","link":"https:\/\/artherapievirtus.org\/Mosaique\/?p=500","title":{"rendered":"Maison de la mosa\u00efque contemporaine"},"content":{"rendered":"<p><a href=\"http:\/\/maisondelamosaique.org\/\"><img loading=\"lazy\" class=\"alignleft wp-image-501 size-full\" src=\"http:\/\/artherapievirtus.org\/Mosaique\/wp-content\/uploads\/2014\/11\/Logo-Maison-de-la-mosaique-contemporaine.gif\" alt=\"Logo-Maison-de-la-mosaique-contemporaine\" width=\"213\" height=\"141\" \/><\/a>Historique<\/p>\n<div class=\"crayon article-texte-59 texte \">A <a class=\"spip_out\" href=\"http:\/\/www.paraylemonial.fr\/\" target=\"_blank\" rel=\"external\">Paray-le-Monial<\/a> \u00e9tait implant\u00e9e depuis 1877 une fabrique de carreaux de gr\u00e8s c\u00e9ramique fond\u00e9e par <strong>Paul Charnoz<\/strong>. Ce carreau appel\u00e9 aussi \u00ab\u00a0carreau-mosa\u00efque\u00a0\u00bb connut un grand succ\u00e8s.<br \/>\nEn 1994, un groupe d\u2019anciens salari\u00e9s de cette usine d\u00e9cide de cr\u00e9er <a class=\"spip_out\" href=\"http:\/\/www.musee-carrelage-charnoz.org\/\" target=\"_blank\" rel=\"external\">le Mus\u00e9e Paul Charnoz<\/a>.<br \/>\nPour 1998, en association avec l\u2019Office de Tourisme, quelques passionn\u00e9s, notamment <strong>Pierre Brasseur<\/strong>, projettent de r\u00e9aliser une exposition avec la participation de mosa\u00efstes internationaux.<br \/>\nCette exposition intitul\u00e9e <a class=\"spip_in\" href=\"http:\/\/maisondelamosaique.org\/Expositions\/Aime-comme-Mosaique.html\">\u00ab\u00a0Aime&#8230; comme Mosa\u00efque\u00a0\u00bb<\/a> est pr\u00e9sent\u00e9e au Mus\u00e9e Paul Charnoz et \u00e0 la Tour Saint Nicolas \u00e0 Paray-le-Monial\u00a0; c\u2019est une r\u00e9ussite et c\u2019est surtout une d\u00e9couverte de la mosa\u00efque contemporaine par le grand public.<br \/>\nSollicit\u00e9e par la Mairie de Paris, cette exposition est reproduite au printemps de l\u2019ann\u00e9e suivante \u00e0 la <strong>Biblioth\u00e8que Forney<\/strong>.<br \/>\nEn 1999, d\u00e8s la seconde exposition intitul\u00e9e <a class=\"spip_in\" href=\"http:\/\/maisondelamosaique.org\/Expositions\/Vivre-a-Rome.html\">\u00ab\u00a0Vivre \u00e0 Rome\u00a0\u00bb<\/a>, la mosa\u00efste <a class=\"spip_in\" href=\"http:\/\/maisondelamosaique.org\/formation\/Artistes-formateurs\/Giovanna-Galli.html\">Giovanna Galli<\/a> anime trois stages d\u2019initiation \u00e0 la mosa\u00efque durant l\u2019\u00e9t\u00e9.En 2000, l\u2019association \u00ab\u00a0<strong>Aime&#8230; comme Mosa\u00efque<\/strong>\u00a0\u00bb est officiellement cr\u00e9\u00e9e.<\/p>\n<p>\u00ab\u00a0Aime&#8230; comme Mosa\u00efque\u00a0\u00bb est devenue \u00ab\u00a0<strong>M comme Mosa\u00efque<\/strong>\u00a0\u00bb en 2008 tout en poursuivant la m\u00eame ambition.<\/p>\n<p>Install\u00e9 place de l\u2019H\u00f4tel de ville jusqu\u2019\u00e0 l\u2019automne 2006, puis \u00e0 la R\u00e9sidence Parodienne jusqu\u2019\u00e0 l\u2019automne 2011, M comme Mosa\u00efque anime d\u00e9sormais la <strong>Maison de la Mosa\u00efque Contemporaine<\/strong>, quai de l\u2019Industrie \u00e0 Paray le Monial.<\/p>\n<p><em><strong>Pour rejoindre le site, cliquez sur le logo<\/strong><\/em><\/p>\n<\/div>\n<div class=\"sharedaddy sd-sharing-enabled\"><div class=\"robots-nocontent sd-block sd-social sd-social-official sd-sharing\"><h3 class=\"sd-title\">Partager\u00a0:<\/h3><div class=\"sd-content\"><ul><li class=\"share-facebook\"><div class=\"fb-share-button\" data-href=\"https:\/\/artherapievirtus.org\/Mosaique\/?p=500\" data-layout=\"button_count\"><\/div><\/li><li class=\"share-twitter\"><a href=\"https:\/\/twitter.com\/share\" class=\"twitter-share-button\" data-url=\"https:\/\/artherapievirtus.org\/Mosaique\/?p=500\" data-text=\"Maison de la mosa\u00efque contemporaine\"  >Tweet<\/a><\/li><li class=\"share-linkedin\"><div class=\"linkedin_button\"><script type=\"in\/share\" data-url=\"https:\/\/artherapievirtus.org\/Mosaique\/?p=500\" data-counter=\"right\"><\/script><\/div><\/li><li><a href=\"#\" class=\"sharing-anchor sd-button share-more\"><span>Plus<\/span><\/a><\/li><li class=\"share-end\"><\/li><\/ul><div class=\"sharing-hidden\"><div class=\"inner\" style=\"display: none;\"><ul><li class=\"share-print\"><a rel=\"nofollow noopener noreferrer\" data-shared=\"\" class=\"share-print sd-button\" href=\"https:\/\/artherapievirtus.org\/Mosaique\/?p=500\" target=\"_blank\" title=\"Cliquer pour imprimer\"><span>Imprimer<\/span><\/a><\/li><li class=\"share-email\"><a rel=\"nofollow noopener noreferrer\" data-shared=\"\" class=\"share-email sd-button\" href=\"https:\/\/artherapievirtus.org\/Mosaique\/?p=500&amp;share=email\" target=\"_blank\" title=\"Cliquez pour envoyer par e-mail \u00e0 un ami\"><span>E-mail<\/span><\/a><\/li><li class=\"share-end\"><\/li><li class=\"share-end\"><\/li><\/ul><\/div><\/div><\/div><\/div><\/div>","protected":false},"excerpt":{"rendered":"<p>Historique A Paray-le-Monial \u00e9tait implant\u00e9e depuis 1877 une fabrique de carreaux de gr\u00e8s c\u00e9ramique fond\u00e9e par Paul Charnoz. Ce carreau appel\u00e9 aussi \u00ab\u00a0carreau-mosa\u00efque\u00a0\u00bb connut un grand succ\u00e8s. En 1994, un groupe d\u2019anciens salari\u00e9s de cette usine d\u00e9cide de cr\u00e9er le Mus\u00e9e Paul Charnoz. Pour 1998, en association avec l\u2019Office de Tourisme, quelques passionn\u00e9s, notamment Pierre&hellip; <\/p>\n<p class=\"toivo-read-more\"><a href=\"https:\/\/artherapievirtus.org\/Mosaique\/?p=500\" class=\"more-link\">Lire la suite <span class=\"screen-reader-text\">Maison de la mosa\u00efque contemporaine<\/span><\/a><\/p>\n<div class=\"sharedaddy sd-sharing-enabled\"><div class=\"robots-nocontent sd-block sd-social sd-social-official sd-sharing\"><h3 class=\"sd-title\">Partager\u00a0:<\/h3><div class=\"sd-content\"><ul><li class=\"share-facebook\"><div class=\"fb-share-button\" data-href=\"https:\/\/artherapievirtus.org\/Mosaique\/?p=500\" data-layout=\"button_count\"><\/div><\/li><li class=\"share-twitter\"><a href=\"https:\/\/twitter.com\/share\" class=\"twitter-share-button\" data-url=\"https:\/\/artherapievirtus.org\/Mosaique\/?p=500\" data-text=\"Maison de la mosa\u00efque contemporaine\"  >Tweet<\/a><\/li><li class=\"share-linkedin\"><div class=\"linkedin_button\"><script type=\"in\/share\" data-url=\"https:\/\/artherapievirtus.org\/Mosaique\/?p=500\" data-counter=\"right\"><\/script><\/div><\/li><li><a href=\"#\" class=\"sharing-anchor sd-button share-more\"><span>Plus<\/span><\/a><\/li><li class=\"share-end\"><\/li><\/ul><div class=\"sharing-hidden\"><div class=\"inner\" style=\"display: none;\"><ul><li class=\"share-print\"><a rel=\"nofollow noopener noreferrer\" data-shared=\"\" class=\"share-print sd-button\" href=\"https:\/\/artherapievirtus.org\/Mosaique\/?p=500\" target=\"_blank\" title=\"Cliquer pour imprimer\"><span>Imprimer<\/span><\/a><\/li><li class=\"share-email\"><a rel=\"nofollow noopener noreferrer\" data-shared=\"\" class=\"share-email sd-button\" href=\"https:\/\/artherapievirtus.org\/Mosaique\/?p=500&amp;share=email\" target=\"_blank\" title=\"Cliquez pour envoyer par e-mail \u00e0 un ami\"><span>E-mail<\/span><\/a><\/li><li class=\"share-end\"><\/li><li class=\"share-end\"><\/li><\/ul><\/div><\/div><\/div><\/div><\/div>","protected":false},"author":2,"featured_media":0,"comment_status":"open","ping_status":"open","sticky":false,"template":"","format":"standard","meta":{"spay_email":""},"categories":[1],"tags":[20],"jetpack_featured_media_url":"","jetpack_sharing_enabled":true,"jetpack_likes_enabled":true,"_links":{"self":[{"href":"https:\/\/artherapievirtus.org\/Mosaique\/index.php?rest_route=\/wp\/v2\/posts\/500"}],"collection":[{"href":"https:\/\/artherapievirtus.org\/Mosaique\/index.php?rest_route=\/wp\/v2\/posts"}],"about":[{"href":"https:\/\/artherapievirtus.org\/Mosaique\/index.php?rest_route=\/wp\/v2\/types\/post"}],"author":[{"embeddable":true,"href":"https:\/\/artherapievirtus.org\/Mosaique\/index.php?rest_route=\/wp\/v2\/users\/2"}],"replies":[{"embeddable":true,"href":"https:\/\/artherapievirtus.org\/Mosaique\/index.php?rest_route=%2Fwp%2Fv2%2Fcomments&post=500"}],"version-history":[{"count":1,"href":"https:\/\/artherapievirtus.org\/Mosaique\/index.php?rest_route=\/wp\/v2\/posts\/500\/revisions"}],"predecessor-version":[{"id":502,"href":"https:\/\/artherapievirtus.org\/Mosaique\/index.php?rest_route=\/wp\/v2\/posts\/500\/revisions\/502"}],"wp:attachment":[{"href":"https:\/\/artherapievirtus.org\/Mosaique\/index.php?rest_route=%2Fwp%2Fv2%2Fmedia&parent=500"}],"wp:term":[{"taxonomy":"category","embeddable":true,"href":"https:\/\/artherapievirtus.org\/Mosaique\/index.php?rest_route=%2Fwp%2Fv2%2Fcategories&post=500"},{"taxonomy":"post_tag","embeddable":true,"href":"https:\/\/artherapievirtus.org\/Mosaique\/index.php?rest_route=%2Fwp%2Fv2%2Ftags&post=500"}],"curies":[{"name":"wp","href":"https:\/\/api.w.org\/{rel}","templated":true}]}}